{"id":139886,"date":"2019-12-07T10:19:32","date_gmt":"2019-12-07T13:19:32","guid":{"rendered":"http:\/\/www.caririemacao.com\/1\/?p=139886"},"modified":"2019-12-07T10:19:32","modified_gmt":"2019-12-07T13:19:32","slug":"tragedia-na-pb-bebe-de-nove-meses-morre-eletrocutado-em-fio-desencapado","status":"publish","type":"post","link":"https:\/\/www.caririemacao.com\/1\/2019\/12\/07\/tragedia-na-pb-bebe-de-nove-meses-morre-eletrocutado-em-fio-desencapado\/","title":{"rendered":"TRAG\u00c9DIA NA PB: Beb\u00ea de nove meses morre eletrocutado em fio desencapado"},"content":{"rendered":"\n<p>Um beb\u00ea de nove meses morreu eletrocutado na manh\u00e3 desta sexta-feira (6), em Cai\u00e7ara, no Agreste da Para\u00edba. Segundo informa\u00e7\u00f5es da Pol\u00edcia Civil, os av\u00f3s maternos tinham a guarda da crian\u00e7a, que estava passando a semana com a m\u00e3e biol\u00f3gica.<br><\/p>\n\n\n\n<p>De acordo com a Pol\u00edcia Militar, o acidente aconteceu por vota das 6h. O menino teria sa\u00eddo de um colch\u00e3o onde estava dormindo e tocado em um fio desencapado de uma extens\u00e3o el\u00e9trica, que ligava um ventilador.<br>Familiares viram o momento em que o acidente aconteceu, mas n\u00e3o conseguiram impedir que a crian\u00e7a se machucasse. A v\u00edtima foi socorrida com vida para um posto de sa\u00fade do munic\u00edpio, mas n\u00e3o resistiu e morreu no local.<br><\/p>\n\n\n\n<p>A Pol\u00edcia Civil informou que a guarda do beb\u00ea pertencia aos av\u00f3s maternos dele, que moram no munic\u00edpio de Bel\u00e9m, tamb\u00e9m localizado no Agreste do estado. Ele teria viajado para passar a semana com a m\u00e3e e voltaria para a casa onde morava no fim de semana.<br><\/p>\n\n\n\n<p>O corpo do menino foi encaminhado para o N\u00facleo de Medicina e Odontologia Legal (Numol) de Guarabira. A m\u00e3e da crian\u00e7a e o companheiro dela ainda n\u00e3o foram ouvidos pela pol\u00edcia, que investigar\u00e1 o caso.<\/p>\n","protected":false},"excerpt":{"rendered":"<p>Um beb\u00ea de nove meses morreu eletrocutado na manh\u00e3 desta sexta-feira (6), em Cai\u00e7ara, no Agreste da Para\u00edba. Segundo informa\u00e7\u00f5es da Pol\u00edcia Civil, os av\u00f3s&hellip; <\/p>\n","protected":false},"author":1,"featured_media":90287,"comment_status":"closed","ping_status":"closed","sticky":false,"template":"","format":"standard","meta":{"sfsi_plus_gutenberg_text_before_share":"","sfsi_plus_gutenberg_show_text_before_share":"","sfsi_plus_gutenberg_icon_type":"","sfsi_plus_gutenberg_icon_alignemt":"","sfsi_plus_gutenburg_max_per_row":"","footnotes":""},"categories":[12],"tags":[],"class_list":["post-139886","post","type-post","status-publish","format-standard","has-post-thumbnail","hentry","category-policia"],"_links":{"self":[{"href":"https:\/\/www.caririemacao.com\/1\/wp-json\/wp\/v2\/posts\/139886","targetHints":{"allow":["GET"]}}],"collection":[{"href":"https:\/\/www.caririemacao.com\/1\/wp-json\/wp\/v2\/posts"}],"about":[{"href":"https:\/\/www.caririemacao.com\/1\/wp-json\/wp\/v2\/types\/post"}],"author":[{"embeddable":true,"href":"https:\/\/www.caririemacao.com\/1\/wp-json\/wp\/v2\/users\/1"}],"replies":[{"embeddable":true,"href":"https:\/\/www.caririemacao.com\/1\/wp-json\/wp\/v2\/comments?post=139886"}],"version-history":[{"count":1,"href":"https:\/\/www.caririemacao.com\/1\/wp-json\/wp\/v2\/posts\/139886\/revisions"}],"predecessor-version":[{"id":139887,"href":"https:\/\/www.caririemacao.com\/1\/wp-json\/wp\/v2\/posts\/139886\/revisions\/139887"}],"wp:featuredmedia":[{"embeddable":true,"href":"https:\/\/www.caririemacao.com\/1\/wp-json\/wp\/v2\/media\/90287"}],"wp:attachment":[{"href":"https:\/\/www.caririemacao.com\/1\/wp-json\/wp\/v2\/media?parent=139886"}],"wp:term":[{"taxonomy":"category","embeddable":true,"href":"https:\/\/www.caririemacao.com\/1\/wp-json\/wp\/v2\/categories?post=139886"},{"taxonomy":"post_tag","embeddable":true,"href":"https:\/\/www.caririemacao.com\/1\/wp-json\/wp\/v2\/tags?post=139886"}],"curies":[{"name":"wp","href":"https:\/\/api.w.org\/{rel}","templated":true}]}}