{"id":139889,"date":"2019-12-07T10:22:24","date_gmt":"2019-12-07T13:22:24","guid":{"rendered":"http:\/\/www.caririemacao.com\/1\/?p=139889"},"modified":"2019-12-07T10:22:24","modified_gmt":"2019-12-07T13:22:24","slug":"abertura-oficial-do-caraubas-cultural-reune-autoridades-e-artistas-locais","status":"publish","type":"post","link":"https:\/\/www.caririemacao.com\/1\/2019\/12\/07\/abertura-oficial-do-caraubas-cultural-reune-autoridades-e-artistas-locais\/","title":{"rendered":"Abertura oficial do Cara\u00fabas cultural re\u00fane autoridades e artistas locais"},"content":{"rendered":"\n<p>Na noite de abertura oficial do Cara\u00fabas Cultural 2019, na noite desta quinta-feira, em pra\u00e7a p\u00fablica, centenas de moradores e visitantes de outras cidades prestigiaram uma programa\u00e7\u00e3o diversificada que contou com a Feira de Artesanato do munic\u00edpio, apresenta\u00e7\u00f5es culturais, de artistas locais e regionais, bem como, com a presen\u00e7a das autoridades do munic\u00edpio.<\/p>\n\n\n\n<p>O prefeito Silvano Dudu, o vice-prefeito Z\u00e9 de Laura, a primeira dama e vereadora Neide de Assis, vereador e presidente da C\u00e2mara Municipal de Cara\u00fabas, Jos\u00e9 Franconero, vereador F\u00e1bio Pereira, vice-presidente da C\u00e2mara, vereadores Tomaz e Teinha, secret\u00e1rios municipais da Assist\u00eancia Social, Fl\u00e1via Quirino, do Planejamento, jornalista Eduardo Belo, da Agricultura, Rone Feitoza, do Turismo Silvana Myllena, de Obras P\u00fablicas e Servi\u00e7os Urbanos, Jos\u00e9 Marcelo, secret\u00e1rios adjuntos da Assist\u00eancia Social, Patrick Batista, do Turismo Valzinho, da Agricultura Maria Adriana, do suplente de Deputado Estadual doutor Romualdo Quirino e da popula\u00e7\u00e3o caraubense.<\/p>\n\n\n\n<p>A secret\u00e1ria da Assist\u00eancia Social, Fl\u00e1via Quirino, agradeceu a presen\u00e7a de todos e falou mais uma vez da import\u00e2ncia do evento que vem crescendo a cada ano e saindo para a ser exibido em pra\u00e7a p\u00fablica, exatamente pela sua grandiosidade. Foi necess\u00e1ria uma parceria com as demais secretarias municipais para que pud\u00e9ssemos concretizar esse evento, que tenho certeza j\u00e1 se consolida no calend\u00e1rio de eventos do munic\u00edpio, afirmou ela.\u00a0<\/p>\n\n\n\n<p>O prefeito Silvano Dudu tamb\u00e9m usos da palavra e disse emocionado que muitos n\u00e3o acreditavam que ser\u00edamos capazes de realizar um evento cultural com essa magnitude. N\u00e3o s\u00f3 estamos realizando como valorizando nossa cultura, nossa gente, nosso turismo, oferecendo ao com\u00e9rcio local neste m\u00eas de dezembro uma forma de vender um pouco mais para garantir uma renda extra de fim de ano. Temos trabalhado muito para oferecer o melhor a nossa cidade e ao nosso povo. N\u00e3o me cansarei de lutar a cada dia por melhores condi\u00e7\u00f5es de vida para nossos habitantes, disse ele.Em seguida o prefeito Silvano Dudu declarou aberto oficialmente o Cara\u00fabas Cultural 2019. <\/p>\n\n\n\n<p>De acordo com a programa\u00e7\u00e3o de ontem foi realizada a oficina de Literatura de Cordel do projeto Asas da Leitura, destinada aos jovens e adolescentes acima dos 15 anos. Durante a realiza\u00e7\u00e3o da Oficina houve produ\u00e7\u00e3o textual de poesia e cordel.\u00a0Ap\u00f3s a abertura se apresentaram os grupos de Idosos do SCFV n\u00facleos das comunidades de Passagem, Distrito de Barreiras e de Cara\u00fabas. Em seguida se iniciou as apresenta\u00e7\u00f5es dos artistas locais Icaro Carlos, Zara Fernandes, Ziene Lima, Elis\u00e2ngela, Pedro Barbosa, Edina Amorim e a dupla de violeiros Moquinho da Viola e Z\u00e9 Balbino.<\/p>\n\n\n\n<p>A noite de abertura foi encerrada com a participa\u00e7\u00e3o do poeta Laudivan Freitas de S\u00e3o Jo\u00e3o do Tigre e com o tradicional forro p\u00e9-de-serra animado por Dominguinhos, Naldinho da zabumba, Daniel Guimar\u00e3es e Joza do triangulo.<br><\/p>\n\n\n\n<p>Fonte:\u00a0<strong>SEPLACOM<\/strong><\/p>\n\n\n\n<p>Foto:\u00a0<strong>Miguel Filho<\/strong><\/p>\n","protected":false},"excerpt":{"rendered":"<p>Na noite de abertura oficial do Cara\u00fabas Cultural 2019, na noite desta quinta-feira, em pra\u00e7a p\u00fablica, centenas de moradores e visitantes de outras cidades prestigiaram&hellip; <\/p>\n","protected":false},"author":1,"featured_media":139890,"comment_status":"closed","ping_status":"closed","sticky":false,"template":"","format":"standard","meta":{"sfsi_plus_gutenberg_text_before_share":"","sfsi_plus_gutenberg_show_text_before_share":"","sfsi_plus_gutenberg_icon_type":"","sfsi_plus_gutenberg_icon_alignemt":"","sfsi_plus_gutenburg_max_per_row":"","footnotes":""},"categories":[6],"tags":[],"class_list":["post-139889","post","type-post","status-publish","format-standard","has-post-thumbnail","hentry","category-cidades"],"_links":{"self":[{"href":"https:\/\/www.caririemacao.com\/1\/wp-json\/wp\/v2\/posts\/139889","targetHints":{"allow":["GET"]}}],"collection":[{"href":"https:\/\/www.caririemacao.com\/1\/wp-json\/wp\/v2\/posts"}],"about":[{"href":"https:\/\/www.caririemacao.com\/1\/wp-json\/wp\/v2\/types\/post"}],"author":[{"embeddable":true,"href":"https:\/\/www.caririemacao.com\/1\/wp-json\/wp\/v2\/users\/1"}],"replies":[{"embeddable":true,"href":"https:\/\/www.caririemacao.com\/1\/wp-json\/wp\/v2\/comments?post=139889"}],"version-history":[{"count":1,"href":"https:\/\/www.caririemacao.com\/1\/wp-json\/wp\/v2\/posts\/139889\/revisions"}],"predecessor-version":[{"id":139891,"href":"https:\/\/www.caririemacao.com\/1\/wp-json\/wp\/v2\/posts\/139889\/revisions\/139891"}],"wp:featuredmedia":[{"embeddable":true,"href":"https:\/\/www.caririemacao.com\/1\/wp-json\/wp\/v2\/media\/139890"}],"wp:attachment":[{"href":"https:\/\/www.caririemacao.com\/1\/wp-json\/wp\/v2\/media?parent=139889"}],"wp:term":[{"taxonomy":"category","embeddable":true,"href":"https:\/\/www.caririemacao.com\/1\/wp-json\/wp\/v2\/categories?post=139889"},{"taxonomy":"post_tag","embeddable":true,"href":"https:\/\/www.caririemacao.com\/1\/wp-json\/wp\/v2\/tags?post=139889"}],"curies":[{"name":"wp","href":"https:\/\/api.w.org\/{rel}","templated":true}]}}