{"id":139901,"date":"2019-12-07T11:19:39","date_gmt":"2019-12-07T14:19:39","guid":{"rendered":"http:\/\/www.caririemacao.com\/1\/?p=139901"},"modified":"2019-12-07T11:19:39","modified_gmt":"2019-12-07T14:19:39","slug":"prefeitura-de-sape-divulga-edital-com-182-vagas-para-concurso-publico","status":"publish","type":"post","link":"https:\/\/www.caririemacao.com\/1\/2019\/12\/07\/prefeitura-de-sape-divulga-edital-com-182-vagas-para-concurso-publico\/","title":{"rendered":"Prefeitura de Sap\u00e9 divulga edital com 182 vagas para concurso p\u00fablico"},"content":{"rendered":"\n<p>A Prefeitura de Sap\u00e9 divulgou o edital do concurso p\u00fablico com 182 vagas&nbsp;em cargos de n\u00edveis fundamental, m\u00e9dio, t\u00e9cnico e superior.&nbsp;Os sal\u00e1rios variam de R$ 998 a R$ 2,8 mil.<\/p>\n\n\n\n<p>Confira o edital<\/p>\n\n\n\n<p>Os interessados poder\u00e3o se inscrever a partir da pr\u00f3xima quinta-feira (12),&nbsp;<a href=\"https:\/\/cpcon.uepb.edu.br\/\">atrav\u00e9s do site da empresa organizadora do certame<\/a>at\u00e9 o dia 19 de janeiro de 2020.&nbsp;A taxa de inscri\u00e7\u00e3o custa R$ 65 para cargos de n\u00edvel fundamental, R$ 85 para cargos de n\u00edvel m\u00e9dio ou t\u00e9cnico e R$ 105 para cargos de n\u00edvel superior.<\/p>\n\n\n\n<p>De acordo com o edital, o cargo com mais vagas \u00e9 o de professor de educa\u00e7\u00e3o b\u00e1sica I, que tem 28 vagas, sendo 18 para a zona rural e 7 para a zona urbana. J\u00e1 os cargos com sal\u00e1rios maiores s\u00e3o os de supervisor educacional e professor da educa\u00e7\u00e3o b\u00e1sica II. Este segundo cargo tem vagas nas \u00e1reas de artes, ci\u00eancias, educa\u00e7\u00e3o f\u00edsica, geografia, hist\u00f3ria, matem\u00e1tica, portugu\u00eas e Libras.<\/p>\n\n\n\n<p>As provas est\u00e3o previstas para acontecer no dia 16 de fevereiro de 2020.<br><\/p>\n","protected":false},"excerpt":{"rendered":"<p>A Prefeitura de Sap\u00e9 divulgou o edital do concurso p\u00fablico com 182 vagas&nbsp;em cargos de n\u00edveis fundamental, m\u00e9dio, t\u00e9cnico e superior.&nbsp;Os sal\u00e1rios variam de R$&hellip; <\/p>\n","protected":false},"author":1,"featured_media":92258,"comment_status":"closed","ping_status":"closed","sticky":false,"template":"","format":"standard","meta":{"sfsi_plus_gutenberg_text_before_share":"","sfsi_plus_gutenberg_show_text_before_share":"","sfsi_plus_gutenberg_icon_type":"","sfsi_plus_gutenberg_icon_alignemt":"","sfsi_plus_gutenburg_max_per_row":"","footnotes":""},"categories":[6],"tags":[],"class_list":["post-139901","post","type-post","status-publish","format-standard","has-post-thumbnail","hentry","category-cidades"],"_links":{"self":[{"href":"https:\/\/www.caririemacao.com\/1\/wp-json\/wp\/v2\/posts\/139901","targetHints":{"allow":["GET"]}}],"collection":[{"href":"https:\/\/www.caririemacao.com\/1\/wp-json\/wp\/v2\/posts"}],"about":[{"href":"https:\/\/www.caririemacao.com\/1\/wp-json\/wp\/v2\/types\/post"}],"author":[{"embeddable":true,"href":"https:\/\/www.caririemacao.com\/1\/wp-json\/wp\/v2\/users\/1"}],"replies":[{"embeddable":true,"href":"https:\/\/www.caririemacao.com\/1\/wp-json\/wp\/v2\/comments?post=139901"}],"version-history":[{"count":1,"href":"https:\/\/www.caririemacao.com\/1\/wp-json\/wp\/v2\/posts\/139901\/revisions"}],"predecessor-version":[{"id":139902,"href":"https:\/\/www.caririemacao.com\/1\/wp-json\/wp\/v2\/posts\/139901\/revisions\/139902"}],"wp:featuredmedia":[{"embeddable":true,"href":"https:\/\/www.caririemacao.com\/1\/wp-json\/wp\/v2\/media\/92258"}],"wp:attachment":[{"href":"https:\/\/www.caririemacao.com\/1\/wp-json\/wp\/v2\/media?parent=139901"}],"wp:term":[{"taxonomy":"category","embeddable":true,"href":"https:\/\/www.caririemacao.com\/1\/wp-json\/wp\/v2\/categories?post=139901"},{"taxonomy":"post_tag","embeddable":true,"href":"https:\/\/www.caririemacao.com\/1\/wp-json\/wp\/v2\/tags?post=139901"}],"curies":[{"name":"wp","href":"https:\/\/api.w.org\/{rel}","templated":true}]}}