{"id":139904,"date":"2019-12-07T11:21:05","date_gmt":"2019-12-07T14:21:05","guid":{"rendered":"http:\/\/www.caririemacao.com\/1\/?p=139904"},"modified":"2019-12-07T11:21:05","modified_gmt":"2019-12-07T14:21:05","slug":"acusado-de-estuprar-adolescente-autista-no-ceara-e-preso-no-sertao-da-paraiba","status":"publish","type":"post","link":"https:\/\/www.caririemacao.com\/1\/2019\/12\/07\/acusado-de-estuprar-adolescente-autista-no-ceara-e-preso-no-sertao-da-paraiba\/","title":{"rendered":"Acusado de estuprar adolescente autista no Cear\u00e1 \u00e9 preso no Sert\u00e3o da Para\u00edba"},"content":{"rendered":"\n<p>Um homem suspeito de estuprar uma adolescente autista foi preso nesta quinta-feira (5). O crime ocorreu no Cear\u00e1, e o suspeito foi preso em Cajazeiras, no Sert\u00e3o da Para\u00edba.&nbsp;<\/p>\n\n\n\n<p>O homem, que tem 50 anos, foi preso ap\u00f3s expedi\u00e7\u00e3o do mandado de pris\u00e3o preventiva pela Comarca de Ipaumirim, no Cear\u00e1, onde ocorreu o crime em 23 de novembro.<\/p>\n\n\n\n<p>O suspeito foi preso no bairro de Agrovila, em Cajazeiras.&nbsp;<\/p>\n\n\n\n<p>A a\u00e7\u00e3o aconteceu por meio da Pol\u00edcia Civil do Cear\u00e1, atrav\u00e9s da Delegacia Municipal de Ipaumirim, em conjunto com policiais militares do 6\u00b0 Batalh\u00e3o de Pol\u00edcia Militar de Cajazeiras.<\/p>\n\n\n\n<p>Na manh\u00e3 desta sexta-feira (6), a Pol\u00edcia Civil informou que o suspeito vai responder por estupro de vulner\u00e1vel. Ele foi encaminhado \u00e0 Cadeia P\u00fablica de Ic\u00f3, no Cear\u00e1.<\/p>\n","protected":false},"excerpt":{"rendered":"<p>Um homem suspeito de estuprar uma adolescente autista foi preso nesta quinta-feira (5). O crime ocorreu no Cear\u00e1, e o suspeito foi preso em Cajazeiras,&hellip; <\/p>\n","protected":false},"author":1,"featured_media":4555,"comment_status":"closed","ping_status":"closed","sticky":false,"template":"","format":"standard","meta":{"sfsi_plus_gutenberg_text_before_share":"","sfsi_plus_gutenberg_show_text_before_share":"","sfsi_plus_gutenberg_icon_type":"","sfsi_plus_gutenberg_icon_alignemt":"","sfsi_plus_gutenburg_max_per_row":"","footnotes":""},"categories":[12],"tags":[],"class_list":["post-139904","post","type-post","status-publish","format-standard","has-post-thumbnail","hentry","category-policia"],"_links":{"self":[{"href":"https:\/\/www.caririemacao.com\/1\/wp-json\/wp\/v2\/posts\/139904","targetHints":{"allow":["GET"]}}],"collection":[{"href":"https:\/\/www.caririemacao.com\/1\/wp-json\/wp\/v2\/posts"}],"about":[{"href":"https:\/\/www.caririemacao.com\/1\/wp-json\/wp\/v2\/types\/post"}],"author":[{"embeddable":true,"href":"https:\/\/www.caririemacao.com\/1\/wp-json\/wp\/v2\/users\/1"}],"replies":[{"embeddable":true,"href":"https:\/\/www.caririemacao.com\/1\/wp-json\/wp\/v2\/comments?post=139904"}],"version-history":[{"count":1,"href":"https:\/\/www.caririemacao.com\/1\/wp-json\/wp\/v2\/posts\/139904\/revisions"}],"predecessor-version":[{"id":139905,"href":"https:\/\/www.caririemacao.com\/1\/wp-json\/wp\/v2\/posts\/139904\/revisions\/139905"}],"wp:featuredmedia":[{"embeddable":true,"href":"https:\/\/www.caririemacao.com\/1\/wp-json\/wp\/v2\/media\/4555"}],"wp:attachment":[{"href":"https:\/\/www.caririemacao.com\/1\/wp-json\/wp\/v2\/media?parent=139904"}],"wp:term":[{"taxonomy":"category","embeddable":true,"href":"https:\/\/www.caririemacao.com\/1\/wp-json\/wp\/v2\/categories?post=139904"},{"taxonomy":"post_tag","embeddable":true,"href":"https:\/\/www.caririemacao.com\/1\/wp-json\/wp\/v2\/tags?post=139904"}],"curies":[{"name":"wp","href":"https:\/\/api.w.org\/{rel}","templated":true}]}}