{"id":139906,"date":"2019-12-07T11:22:02","date_gmt":"2019-12-07T14:22:02","guid":{"rendered":"http:\/\/www.caririemacao.com\/1\/?p=139906"},"modified":"2019-12-07T11:22:09","modified_gmt":"2019-12-07T14:22:09","slug":"vivemos-uma-era-de-mares-revoltos-diz-vice-presidente-da-republica","status":"publish","type":"post","link":"https:\/\/www.caririemacao.com\/1\/2019\/12\/07\/vivemos-uma-era-de-mares-revoltos-diz-vice-presidente-da-republica\/","title":{"rendered":"\u201cVivemos uma era de mares revoltos\u201d, diz vice-presidente da Rep\u00fablica"},"content":{"rendered":"\n<p> <br>O vice-presidente da Rep\u00fablica, Hamilton Mour\u00e3o, disse nesta sexta-feira (6) que o mundo atravessa uma fase conturbada, com o tradicional modelo pol\u00edtico e econ\u00f4mico se rompendo e um novo modelo ainda n\u00e3o estabelecido.<\/p>\n\n\n\n<p>\u201cEstamos vivendo uma era de mares revoltos, de c\u00e9us um tanto quanto cinzentos\u201d,&nbsp;disse Mour\u00e3o ao receber do governo do Paran\u00e1 a comenda Expoente da Defesa do Estado Democr\u00e1tico de Direito e da Constitui\u00e7\u00e3o Federal, concedida&nbsp;a v\u00e1rias autoridades por ocasi\u00e3o do Dia Nacional da Justi\u00e7a e da Fam\u00edlia, no pr\u00f3ximo&nbsp;domingo&nbsp;(8).<\/p>\n\n\n\n<p>Ao defender a import\u00e2ncia da preserva\u00e7\u00e3o das institui\u00e7\u00f5es democr\u00e1ticas e de pol\u00edticas p\u00fablicas que busquem superar as desigualdades socioecon\u00f4micas que caracterizam a sociedade brasileira, Mour\u00e3o citou v\u00e1rios exemplos que, para ele, revelam a instabilidade global.<\/p>\n\n\n\n<p>\u201cO&nbsp;mundo se encontra em um ponto de muta\u00e7\u00e3o. Est\u00e1 se rompendo o&nbsp;modelo pol\u00edtico e econ\u00f4mico constru\u00eddo ap\u00f3s o fim&nbsp;da&nbsp;Segunda&nbsp;Guerra Mundial,&nbsp;mas o&nbsp;outro modelo&nbsp;que&nbsp;vem surgindo ainda vai levar um tempo para se estabelecer\u201d, declarou o vice-presidente.<\/p>\n\n\n\n<p>Mour\u00e3o frisou que, em meio a&nbsp;este&nbsp;cen\u00e1rio de mudan\u00e7as tecnol\u00f3gicas e sociais, o&nbsp;eixo de poder econ\u00f4mico, pol\u00edtico e militar estabelecido nas \u00faltimas d\u00e9cadas est\u00e1 se deslocando, com a&nbsp;disputa entre China e Estados Unidos.<\/p>\n\n\n\n<p>\u201cVivemos uma guerra comercial&nbsp;e uma guerra tecnol\u00f3gica\u201d,&nbsp;acrescentou Mour\u00e3o, ao falar sobre os desafios n\u00e3o s\u00f3 para o Brasil, mas para a popula\u00e7\u00e3o global, j\u00e1 que, segundo ele, a \u201cdisrup\u00e7\u00e3o ap\u00f3s disrup\u00e7\u00e3o [rompimento]\u201d provocada pela velocidade das mudan\u00e7as tecnol\u00f3gicas contribuem para aumentar a sensa\u00e7\u00e3o de inquieta\u00e7\u00e3o e de inseguran\u00e7a.<\/p>\n\n\n\n<p>\u201cCom a&nbsp;revolu\u00e7\u00e3o tecnol\u00f3gica, a desigualdade&nbsp;tende a&nbsp;aumentar,&nbsp;pois est\u00e1&nbsp;havendo uma acomoda\u00e7\u00e3o no mercado e o&nbsp;modelo de produ\u00e7\u00e3o em massa vai se transportar para o modelo da economia de conhecimento, no qual&nbsp;precisaremos&nbsp;ter&nbsp;gente qualificada para empregar a tecnologia\u201d, pontuou o vice-presidente.<\/p>\n\n\n\n<figure class=\"wp-block-image\"><img decoding=\"async\" data-src=\"https:\/\/paraibaonline.com.br\/wp-content\/uploads\/2019\/12\/MOUR%C3%83O-567x378.jpg\" alt=\"Valter Campanato\/Ag\u00eancia Brasil\" class=\"wp-image-823644 lazyload\" src=\"data:image\/svg+xml;base64,PHN2ZyB3aWR0aD0iMSIgaGVpZ2h0PSIxIiB4bWxucz0iaHR0cDovL3d3dy53My5vcmcvMjAwMC9zdmciPjwvc3ZnPg==\" style=\"--smush-placeholder-width: 567px; --smush-placeholder-aspect-ratio: 567\/378;\" \/><\/figure>\n\n\n\n<p>Foto: Valter Campanato\/Ag\u00eancia Brasil<\/p>\n\n\n\n<p>Mour\u00e3o&nbsp;disse que \u00e9 papel do Estado \u201cfazer sua parte\u201d para corrigir as distor\u00e7\u00f5es e impor pol\u00edticas p\u00fablicas capazes de romper com a&nbsp;\u201cdesigualdade estrutural\u201d.<\/p>\n\n\n\n<p>\u201cVivemos uma desigualdade estrutural neste pa\u00eds. H\u00e1 milh\u00f5es de brasileiros&nbsp;sem&nbsp;oportunidade de estudar; que n\u00e3o tem esgoto e \u00e1gua encanada em suas casas; n\u00e3o tem energia el\u00e9trica, atendimento b\u00e1sico de sa\u00fade\u201d, disse o vice-presidente, apontando a necessidade de um trabalho conjunto, que mobilize esfor\u00e7os no \u00e2mbito federal, estadual e municipal para oferecer aos cidad\u00e3os brasileiros um m\u00ednimo de igualdade. \u201cTemos que trabalhar&nbsp;para que os brasileiros&nbsp;estejam alinhados em condi\u00e7\u00f5es de igualdade&nbsp;na linha de partida, no momento de come\u00e7ar&nbsp;suas&nbsp;vidas&nbsp;profissionais. A&nbsp;partir da\u00ed, uns progredir\u00e3o mais, outros menos\u201d,&nbsp;acrescentou Mour\u00e3o.<\/p>\n\n\n\n<p>Para Mour\u00e3o, no Brasil, h\u00e1 tr\u00eas graves problemas estruturais a serem resolvidos. \u201cUm \u00e9 a quest\u00e3o das contas p\u00fablicas, deterioradas a um tal n\u00edvel que estamos no&nbsp;sexto ano no vermelho,&nbsp;[e ainda]&nbsp;gerando d\u00edvidas\u201d,&nbsp;comentou, citando a d\u00edvida p\u00fablica, que j\u00e1 chega a 78% do Produto Interno Bruto (PIB).<\/p>\n\n\n\n<p>\u201c\u00c9&nbsp;algo em torno de&nbsp;R$&nbsp;4.5 trilh\u00f5es. O que nos leva a pagar um Plano Marshall em juros, por ano. Temos que equilibrar&nbsp;nossas&nbsp;receitas&nbsp;e despesas.\u201d<\/p>\n\n\n\n<p>Para o vice-presidente, outro problema \u00e9 como reduzir os entraves fiscais e burocr\u00e1ticos para permitir uma melhora da&nbsp;produtividade.<\/p>\n\n\n\n<p>&nbsp;\u201cTemos o chamado&nbsp;Custo Brasil; a inefici\u00eancia burocr\u00e1tica; a infraestrutura log\u00edstica deteriorada e um sistema tribut\u00e1rio ca\u00f3tico, que ningu\u00e9m consegue entender.&nbsp;\u00c9 uma&nbsp;carga brutal de impostos&nbsp;que, na maioria das vezes,&nbsp;serve apenas&nbsp;para sustentar um Estado ineficiente e, muitas vezes, corrupto\u201d,&nbsp;disse Mour\u00e3o.<\/p>\n\n\n\n<p>\u201cTemos que fazer a&nbsp;Reforma&nbsp;Tribut\u00e1ria&nbsp;para&nbsp;tornar o&nbsp;sistema de arrecada\u00e7\u00e3o mais justo. A pr\u00f3pria Constitui\u00e7\u00e3o determina a necessidade de se observar a capacidade contributiva do contribuinte. E a\u00ed, vamos tocar em outro aspecto da Justi\u00e7a. A Justi\u00e7a fiscal:&nbsp;quem ganha mais, paga mais; quem ganha menos, paga menos\u201d,&nbsp;defendeu o vice-presidente.<\/p>\n","protected":false},"excerpt":{"rendered":"<p>O vice-presidente da Rep\u00fablica, Hamilton Mour\u00e3o, disse nesta sexta-feira (6) que o mundo atravessa uma fase conturbada, com o tradicional modelo pol\u00edtico e econ\u00f4mico se&hellip; <\/p>\n","protected":false},"author":1,"featured_media":84142,"comment_status":"closed","ping_status":"closed","sticky":false,"template":"","format":"standard","meta":{"sfsi_plus_gutenberg_text_before_share":"","sfsi_plus_gutenberg_show_text_before_share":"","sfsi_plus_gutenberg_icon_type":"","sfsi_plus_gutenberg_icon_alignemt":"","sfsi_plus_gutenburg_max_per_row":"","footnotes":""},"categories":[11],"tags":[],"class_list":["post-139906","post","type-post","status-publish","format-standard","has-post-thumbnail","hentry","category-politica"],"_links":{"self":[{"href":"https:\/\/www.caririemacao.com\/1\/wp-json\/wp\/v2\/posts\/139906","targetHints":{"allow":["GET"]}}],"collection":[{"href":"https:\/\/www.caririemacao.com\/1\/wp-json\/wp\/v2\/posts"}],"about":[{"href":"https:\/\/www.caririemacao.com\/1\/wp-json\/wp\/v2\/types\/post"}],"author":[{"embeddable":true,"href":"https:\/\/www.caririemacao.com\/1\/wp-json\/wp\/v2\/users\/1"}],"replies":[{"embeddable":true,"href":"https:\/\/www.caririemacao.com\/1\/wp-json\/wp\/v2\/comments?post=139906"}],"version-history":[{"count":2,"href":"https:\/\/www.caririemacao.com\/1\/wp-json\/wp\/v2\/posts\/139906\/revisions"}],"predecessor-version":[{"id":139908,"href":"https:\/\/www.caririemacao.com\/1\/wp-json\/wp\/v2\/posts\/139906\/revisions\/139908"}],"wp:featuredmedia":[{"embeddable":true,"href":"https:\/\/www.caririemacao.com\/1\/wp-json\/wp\/v2\/media\/84142"}],"wp:attachment":[{"href":"https:\/\/www.caririemacao.com\/1\/wp-json\/wp\/v2\/media?parent=139906"}],"wp:term":[{"taxonomy":"category","embeddable":true,"href":"https:\/\/www.caririemacao.com\/1\/wp-json\/wp\/v2\/categories?post=139906"},{"taxonomy":"post_tag","embeddable":true,"href":"https:\/\/www.caririemacao.com\/1\/wp-json\/wp\/v2\/tags?post=139906"}],"curies":[{"name":"wp","href":"https:\/\/api.w.org\/{rel}","templated":true}]}}