{"id":139920,"date":"2019-12-07T11:34:38","date_gmt":"2019-12-07T14:34:38","guid":{"rendered":"http:\/\/www.caririemacao.com\/1\/?p=139920"},"modified":"2019-12-07T11:34:38","modified_gmt":"2019-12-07T14:34:38","slug":"band-exibe-serie-sobre-o-rio-sao-francisco-com-gravacoes-na-regiao-do-cariri","status":"publish","type":"post","link":"https:\/\/www.caririemacao.com\/1\/2019\/12\/07\/band-exibe-serie-sobre-o-rio-sao-francisco-com-gravacoes-na-regiao-do-cariri\/","title":{"rendered":"Band exibe s\u00e9rie sobre o Rio S\u00e3o Francisco com grava\u00e7\u00f5es na regi\u00e3o do Cariri"},"content":{"rendered":"\n<p>A TV Band exibiu durante toda est\u00e1 semana no Jornal da Band, a s\u00e9rie \u201cCaminhos do S\u00e3o Francisco\u201d. As reportagens foram de Ol\u00edvia Freitas e Filipe Peixoto, e visitou v\u00e1rios munic\u00edpios do Estados beneficiados com a Transposi\u00e7\u00e3o do Rio S\u00e3o Francisco, entre eles, os munic\u00edpio de Monteiro, S\u00e3o Domingos do Cariri e Boqueir\u00e3o, no Cariri paraibano.<\/p>\n\n\n\n<p>A s\u00e9rie de reportagem especial viajou pelos 2830 quil\u00f4metros do Rio S\u00e3o Francisco, desde a nascente, em Minas Gerais, at\u00e9 a foz, em Alagoas, e ainda revela como o rio passa por um constante processo de adapta\u00e7\u00e3o do e sua capacidade de resist\u00eancia.<\/p>\n\n\n\n<p>Os rep\u00f3rteres mostram ainda como est\u00e3o as obras da transposi\u00e7\u00e3o das \u00e1guas do Rio no Nordeste brasileiro. V\u00e1rios trechos inaugurados ainda n\u00e3o atendem as popula\u00e7\u00f5es das cidades mais atingidas pela seca.<\/p>\n\n\n\n<p>A reportagem flagra tamb\u00e9m os pontos com falhas estruturais que impedem o funcionamento dos canais, al\u00e9m dos atrasos nas obras, os custos triplicaram desde o in\u00edcio dos trabalhos, h\u00e1 12 anos. Um dos pontos \u00e9 em Monteiro.<\/p>\n\n\n\n<p>Atualmente o Eixo Leste da Transposi\u00e7\u00e3o encontra-se em funcionamento. As \u00e1guas retornaram ao munic\u00edpio de Monteiro em novembro, ap\u00f3s quase 10 meses com o bombeamento interrompido por falhas identificadas pelo Minist\u00e9rio do Desenvolvimento Regional.<\/p>\n\n\n\n<p>No norte de Minas, o desmatamento levou ao assoreamento do rio, que j\u00e1 foi o principal meio de transporte entre o Sudeste e o Nordeste do pa\u00eds. Hoje, barcos de grande porte n\u00e3o conseguem mais navegar.<\/p>\n\n\n\n<p>Na foz do S\u00e3o Francisco, o mar est\u00e1 invadindo o rio, trazendo mudan\u00e7as dr\u00e1sticas no ecossistema e, consequentemente, inviabilizando a pesca na regi\u00e3o.<\/p>\n\n\n\n<p>Ao longo dos cinco epis\u00f3dios, o p\u00fablico poder\u00e1 conhecer a beleza dos c\u00e2nions do Xing\u00f3, as frutas que crescem no sert\u00e3o gra\u00e7as a irriga\u00e7\u00e3o, as pinturas rupestres dos primeiros habitantes pr\u00e9-hist\u00f3ricos da bacia do S\u00e3o Francisco e as est\u00f3rias de cidades como Sobradinho, inundadas para constru\u00e7\u00e3o das usinas hidrel\u00e9tricas.<\/p>\n","protected":false},"excerpt":{"rendered":"<p>A TV Band exibiu durante toda est\u00e1 semana no Jornal da Band, a s\u00e9rie \u201cCaminhos do S\u00e3o Francisco\u201d. As reportagens foram de Ol\u00edvia Freitas e&hellip; <\/p>\n","protected":false},"author":1,"featured_media":139921,"comment_status":"closed","ping_status":"closed","sticky":false,"template":"","format":"standard","meta":{"sfsi_plus_gutenberg_text_before_share":"","sfsi_plus_gutenberg_show_text_before_share":"","sfsi_plus_gutenberg_icon_type":"","sfsi_plus_gutenberg_icon_alignemt":"","sfsi_plus_gutenburg_max_per_row":"","footnotes":""},"categories":[2],"tags":[],"class_list":["post-139920","post","type-post","status-publish","format-standard","has-post-thumbnail","hentry","category-geral"],"_links":{"self":[{"href":"https:\/\/www.caririemacao.com\/1\/wp-json\/wp\/v2\/posts\/139920","targetHints":{"allow":["GET"]}}],"collection":[{"href":"https:\/\/www.caririemacao.com\/1\/wp-json\/wp\/v2\/posts"}],"about":[{"href":"https:\/\/www.caririemacao.com\/1\/wp-json\/wp\/v2\/types\/post"}],"author":[{"embeddable":true,"href":"https:\/\/www.caririemacao.com\/1\/wp-json\/wp\/v2\/users\/1"}],"replies":[{"embeddable":true,"href":"https:\/\/www.caririemacao.com\/1\/wp-json\/wp\/v2\/comments?post=139920"}],"version-history":[{"count":1,"href":"https:\/\/www.caririemacao.com\/1\/wp-json\/wp\/v2\/posts\/139920\/revisions"}],"predecessor-version":[{"id":139922,"href":"https:\/\/www.caririemacao.com\/1\/wp-json\/wp\/v2\/posts\/139920\/revisions\/139922"}],"wp:featuredmedia":[{"embeddable":true,"href":"https:\/\/www.caririemacao.com\/1\/wp-json\/wp\/v2\/media\/139921"}],"wp:attachment":[{"href":"https:\/\/www.caririemacao.com\/1\/wp-json\/wp\/v2\/media?parent=139920"}],"wp:term":[{"taxonomy":"category","embeddable":true,"href":"https:\/\/www.caririemacao.com\/1\/wp-json\/wp\/v2\/categories?post=139920"},{"taxonomy":"post_tag","embeddable":true,"href":"https:\/\/www.caririemacao.com\/1\/wp-json\/wp\/v2\/tags?post=139920"}],"curies":[{"name":"wp","href":"https:\/\/api.w.org\/{rel}","templated":true}]}}