{"id":139926,"date":"2019-12-07T14:23:03","date_gmt":"2019-12-07T17:23:03","guid":{"rendered":"http:\/\/www.caririemacao.com\/1\/?p=139926"},"modified":"2019-12-07T14:23:03","modified_gmt":"2019-12-07T17:23:03","slug":"quase-tudo-pronto-premio-referencia-tera-participacao-da-banda-dimeliora","status":"publish","type":"post","link":"https:\/\/www.caririemacao.com\/1\/2019\/12\/07\/quase-tudo-pronto-premio-referencia-tera-participacao-da-banda-dimeliora\/","title":{"rendered":"Quase tudo pronto: PR\u00caMIO REFER\u00caNCIA ter\u00e1 participa\u00e7\u00e3o da Banda Dimeliora"},"content":{"rendered":"\n<ul class=\"wp-block-gallery columns-1 is-cropped wp-block-gallery-1 is-layout-flex wp-block-gallery-is-layout-flex\"><li class=\"blocks-gallery-item\"><figure><img fetchpriority=\"high\" decoding=\"async\" width=\"1024\" height=\"768\" src=\"http:\/\/www.caririemacao.com\/1\/wp-content\/uploads\/2019\/12\/IMG-20191207-WA0018-1024x768.jpg\" alt=\"\" data-id=\"139928\" data-link=\"http:\/\/www.caririemacao.com\/1\/?attachment_id=139928\" class=\"wp-image-139928\" srcset=\"https:\/\/www.caririemacao.com\/1\/wp-content\/uploads\/2019\/12\/IMG-20191207-WA0018-1024x768.jpg 1024w, https:\/\/www.caririemacao.com\/1\/wp-content\/uploads\/2019\/12\/IMG-20191207-WA0018-300x225.jpg 300w, https:\/\/www.caririemacao.com\/1\/wp-content\/uploads\/2019\/12\/IMG-20191207-WA0018-768x576.jpg 768w, https:\/\/www.caririemacao.com\/1\/wp-content\/uploads\/2019\/12\/IMG-20191207-WA0018.jpg 1032w\" sizes=\"(max-width: 1024px) 100vw, 1024px\" \/><\/figure><\/li><\/ul>\n\n\n\n<p>Faltam poucas horas para iniciar a cerimonia de entrega de uma das maiores premia\u00e7\u00f5es do estado da Para\u00edba, o PR\u00caMIO REFER\u00caNCIA 2019.<\/p>\n\n\n\n<p>O evento ser\u00e1 iniciado \u00e0s 19 horas com a recep\u00e7\u00e3o das autoridades, premiados e convidados.<\/p>\n\n\n\n<p>J\u00e1 \u00e0s 19:30, haver\u00e1 apresenta\u00e7\u00f5es culturais, inclusive com a participa\u00e7\u00e3o da Banda Dimeliora, liderada pelo experiente m\u00fasico Bhira Mariano, que tamb\u00e9m \u00e9 integrante da Banda Gente Boa e ainda \u00e9 vereador em Camala\u00fa, sendo um dos premiados da noite, como vereador refer\u00eancia.<br>A entrega das premia\u00e7\u00f5es ser\u00e1 pontualmente \u00e0s 20 horas, e a programa\u00e7\u00e3o da noite de gala, se encerra com mais apresenta\u00e7\u00f5es culturais \u00e0 partir das 23 horas.<\/p>\n\n\n\n<p>O PR\u00caMIO REFER\u00caNCIA 2019 promovido pelo portal Cariri em A\u00e7\u00e3o, vai ser entregue \u00e0 profissionais, agentes pol\u00edticas e empresas escolhidas pelo pr\u00f3prio p\u00fablico atrav\u00e9s de question\u00e1rios realizados inloco em 24 cidades, sendo 21 do Cariri e 03 do interior de Pernambuco.<\/p>\n\n\n\n<p>A cerimonia de entrega dos pr\u00eamios poder\u00e1 ser acompanhada ao vivo pelo www.caririemacao.com <br> <\/p>\n\n\n\n<p>F\u00c1BIO BRITO<\/p>\n","protected":false},"excerpt":{"rendered":"<p>Faltam poucas horas para iniciar a cerimonia de entrega de uma das maiores premia\u00e7\u00f5es do estado da Para\u00edba, o PR\u00caMIO REFER\u00caNCIA 2019. O evento ser\u00e1&hellip; <\/p>\n","protected":false},"author":1,"featured_media":139929,"comment_status":"closed","ping_status":"closed","sticky":false,"template":"","format":"standard","meta":{"sfsi_plus_gutenberg_text_before_share":"","sfsi_plus_gutenberg_show_text_before_share":"","sfsi_plus_gutenberg_icon_type":"","sfsi_plus_gutenberg_icon_alignemt":"","sfsi_plus_gutenburg_max_per_row":"","footnotes":""},"categories":[2],"tags":[],"class_list":["post-139926","post","type-post","status-publish","format-standard","has-post-thumbnail","hentry","category-geral"],"_links":{"self":[{"href":"https:\/\/www.caririemacao.com\/1\/wp-json\/wp\/v2\/posts\/139926","targetHints":{"allow":["GET"]}}],"collection":[{"href":"https:\/\/www.caririemacao.com\/1\/wp-json\/wp\/v2\/posts"}],"about":[{"href":"https:\/\/www.caririemacao.com\/1\/wp-json\/wp\/v2\/types\/post"}],"author":[{"embeddable":true,"href":"https:\/\/www.caririemacao.com\/1\/wp-json\/wp\/v2\/users\/1"}],"replies":[{"embeddable":true,"href":"https:\/\/www.caririemacao.com\/1\/wp-json\/wp\/v2\/comments?post=139926"}],"version-history":[{"count":1,"href":"https:\/\/www.caririemacao.com\/1\/wp-json\/wp\/v2\/posts\/139926\/revisions"}],"predecessor-version":[{"id":139930,"href":"https:\/\/www.caririemacao.com\/1\/wp-json\/wp\/v2\/posts\/139926\/revisions\/139930"}],"wp:featuredmedia":[{"embeddable":true,"href":"https:\/\/www.caririemacao.com\/1\/wp-json\/wp\/v2\/media\/139929"}],"wp:attachment":[{"href":"https:\/\/www.caririemacao.com\/1\/wp-json\/wp\/v2\/media?parent=139926"}],"wp:term":[{"taxonomy":"category","embeddable":true,"href":"https:\/\/www.caririemacao.com\/1\/wp-json\/wp\/v2\/categories?post=139926"},{"taxonomy":"post_tag","embeddable":true,"href":"https:\/\/www.caririemacao.com\/1\/wp-json\/wp\/v2\/tags?post=139926"}],"curies":[{"name":"wp","href":"https:\/\/api.w.org\/{rel}","templated":true}]}}