{"id":139939,"date":"2019-12-08T10:23:25","date_gmt":"2019-12-08T13:23:25","guid":{"rendered":"http:\/\/www.caririemacao.com\/1\/?p=139939"},"modified":"2019-12-08T10:23:25","modified_gmt":"2019-12-08T13:23:25","slug":"brasil-agora-e-lider-mundial-no-combate-a-tuberculose","status":"publish","type":"post","link":"https:\/\/www.caririemacao.com\/1\/2019\/12\/08\/brasil-agora-e-lider-mundial-no-combate-a-tuberculose\/","title":{"rendered":"Brasil agora \u00e9 l\u00edder mundial no combate \u00e0 tuberculose"},"content":{"rendered":"\n<p>O ministro da Sa\u00fade, Luiz Henrique Mandetta, desembarca, nesta segunda-feira (9) em Jacarta, na Indon\u00e9sia, para assumir a presid\u00eancia do Conselho da Stop TB Partnership, institui\u00e7\u00e3o internacional que busca eliminar a tuberculose no mundo. \u00c9 o Brasil na lideran\u00e7a mundial do combate \u00e0 tuberculose, doen\u00e7a que est\u00e1 entre as 10 principais causas de morte em todo o mundo, com cerca de 10 milh\u00f5es de novos casos anualmente. Por aqui, no ano passado, foram diagnosticados 75 casos novos da doen\u00e7a em brasileiros, com cerca de 4,5 mil v\u00edtimas fatais.<\/p>\n\n\n\n<p>\u201cEu aceitei um desafio que me foi colocado, mesmo sabendo das dificuldades que o cargo me imp\u00f5e de Ministro da Sa\u00fade para coordenar mundialmente a Stop TB. No Brasil, conseguimos, gra\u00e7as \u00e0 parceria com os secret\u00e1rios estaduais e municipais de sa\u00fade, cerca de 80% de tratamentos completados\u201d, destacou o Ministro da Sa\u00fade, Luiz Henrique Mandetta.<\/p>\n\n\n\n<p>A tuberculose tem cura e tanto o diagn\u00f3stico como o tratamento s\u00e3o ofertados no Sistema \u00danico de Sa\u00fade (SUS), sem custos aos cidad\u00e3os. Mas, para alcan\u00e7ar a cura, \u00e9 preciso completar o tratamento que dura, em m\u00e9dia, seis meses.<\/p>\n\n\n\n<p>Com o mandato de tr\u00eas anos na Stop TB, o Brasil, por meio do ministro Luiz Henrique Mandetta, tem a miss\u00e3o de ser porta-voz da luta mundial contra a tuberculose para reduzir a circula\u00e7\u00e3o da doen\u00e7a at\u00e9 2035 \u2013 meta defendida pela Organiza\u00e7\u00e3o Mundial da Sa\u00fade (OMS).<\/p>\n","protected":false},"excerpt":{"rendered":"<p>O ministro da Sa\u00fade, Luiz Henrique Mandetta, desembarca, nesta segunda-feira (9) em Jacarta, na Indon\u00e9sia, para assumir a presid\u00eancia do Conselho da Stop TB Partnership,&hellip; <\/p>\n","protected":false},"author":1,"featured_media":139940,"comment_status":"closed","ping_status":"closed","sticky":false,"template":"","format":"standard","meta":{"sfsi_plus_gutenberg_text_before_share":"","sfsi_plus_gutenberg_show_text_before_share":"","sfsi_plus_gutenberg_icon_type":"","sfsi_plus_gutenberg_icon_alignemt":"","sfsi_plus_gutenburg_max_per_row":"","footnotes":""},"categories":[50,16],"tags":[],"class_list":["post-139939","post","type-post","status-publish","format-standard","has-post-thumbnail","hentry","category-destaque","category-saude"],"_links":{"self":[{"href":"https:\/\/www.caririemacao.com\/1\/wp-json\/wp\/v2\/posts\/139939","targetHints":{"allow":["GET"]}}],"collection":[{"href":"https:\/\/www.caririemacao.com\/1\/wp-json\/wp\/v2\/posts"}],"about":[{"href":"https:\/\/www.caririemacao.com\/1\/wp-json\/wp\/v2\/types\/post"}],"author":[{"embeddable":true,"href":"https:\/\/www.caririemacao.com\/1\/wp-json\/wp\/v2\/users\/1"}],"replies":[{"embeddable":true,"href":"https:\/\/www.caririemacao.com\/1\/wp-json\/wp\/v2\/comments?post=139939"}],"version-history":[{"count":1,"href":"https:\/\/www.caririemacao.com\/1\/wp-json\/wp\/v2\/posts\/139939\/revisions"}],"predecessor-version":[{"id":139941,"href":"https:\/\/www.caririemacao.com\/1\/wp-json\/wp\/v2\/posts\/139939\/revisions\/139941"}],"wp:featuredmedia":[{"embeddable":true,"href":"https:\/\/www.caririemacao.com\/1\/wp-json\/wp\/v2\/media\/139940"}],"wp:attachment":[{"href":"https:\/\/www.caririemacao.com\/1\/wp-json\/wp\/v2\/media?parent=139939"}],"wp:term":[{"taxonomy":"category","embeddable":true,"href":"https:\/\/www.caririemacao.com\/1\/wp-json\/wp\/v2\/categories?post=139939"},{"taxonomy":"post_tag","embeddable":true,"href":"https:\/\/www.caririemacao.com\/1\/wp-json\/wp\/v2\/tags?post=139939"}],"curies":[{"name":"wp","href":"https:\/\/api.w.org\/{rel}","templated":true}]}}