{"id":139943,"date":"2019-12-08T10:24:38","date_gmt":"2019-12-08T13:24:38","guid":{"rendered":"http:\/\/www.caririemacao.com\/1\/?p=139943"},"modified":"2019-12-08T10:24:38","modified_gmt":"2019-12-08T13:24:38","slug":"prefeito-eden-duarte-deputado-branco-mendes-e-vereador-antonio-carlos-participam-da-festa-de-nossa-senhora-da-conceicao-em-sume","status":"publish","type":"post","link":"https:\/\/www.caririemacao.com\/1\/2019\/12\/08\/prefeito-eden-duarte-deputado-branco-mendes-e-vereador-antonio-carlos-participam-da-festa-de-nossa-senhora-da-conceicao-em-sume\/","title":{"rendered":"Prefeito \u00c9den Duarte, deputado Branco Mendes e vereador Antonio Carlos participam da Festa de Nossa Senhora da Concei\u00e7\u00e3o em Sum\u00e9"},"content":{"rendered":"\n<p>Na noite deste s\u00e1bado (07), o prefeito \u00c9den Duarte, a primeira-dama e secret\u00e1ria de Assist\u00eancia Social, Tanniery L\u00eala, o deputado Branco Mendes e o vereador Antonio Carlos, participaram da 9\u00aa noite de novena em homenagem a motoristas, motociclistas, ciclistas, m\u00fasicos e artistas, anivers\u00e1rio de falecimento de Padre Paulo Roberto e mem\u00f3ria de vig\u00e1rios falecidos.<\/p>\n\n\n\n<p>A missa foi celebrado por Dom Dulc\u00eanio Fontes de Matos, Bispo da Diocese de Campina Grande<\/p>\n\n\n\n<div class=\"wp-block-image\"><figure class=\"aligncenter\"><a href=\"http:\/\/noticiasemdestaque.com\/cd\/wp-content\/uploads\/2019\/12\/8a51e296-0dd6-4f82-8b11-3ba078265f52-2.jpg\"><img decoding=\"async\" data-src=\"http:\/\/noticiasemdestaque.com\/cd\/wp-content\/uploads\/2019\/12\/8a51e296-0dd6-4f82-8b11-3ba078265f52-2.jpg\" alt=\"\" class=\"wp-image-21203 lazyload\" src=\"data:image\/svg+xml;base64,PHN2ZyB3aWR0aD0iMSIgaGVpZ2h0PSIxIiB4bWxucz0iaHR0cDovL3d3dy53My5vcmcvMjAwMC9zdmciPjwvc3ZnPg==\" \/><\/a><\/figure><\/div>\n\n\n\n<p>Neste domingo (8), Dia de Nossa Senhora da Concei\u00e7\u00e3o, pela manh\u00e3 Manh\u00e3 Missa com o Bispo de Patos, Dom Eraldo Bispo, \u00e0 tarde Prociss\u00e3o e Missa de encerramento dos festejos alusivos \u00e0 Padroeira. Ap\u00f3s a Missa de encerramento ser\u00e1 realizado um Show de pr\u00eamios.<\/p>\n\n\n\n<p>Neste ano de 2019, a comunidade Paroquial de Nossa Senhora da Concei\u00e7\u00e3o rende gra\u00e7as a Deus pelos 200 anos da Presen\u00e7a Cat\u00f3lica na cidade. De acordo com a hist\u00f3ria, \u00e9 datada em 1819, a constru\u00e7\u00e3o da Primeira Capela da antiga vila de S\u00e3o Thom\u00e9 dos Sucurus, hoje cidade de Sum\u00e9.<\/p>\n\n\n\n<p><em><strong>Not\u00edcias em Destaque<\/strong><\/em><\/p>\n","protected":false},"excerpt":{"rendered":"<p>Na noite deste s\u00e1bado (07), o prefeito \u00c9den Duarte, a primeira-dama e secret\u00e1ria de Assist\u00eancia Social, Tanniery L\u00eala, o deputado Branco Mendes e o vereador&hellip; <\/p>\n","protected":false},"author":1,"featured_media":139944,"comment_status":"closed","ping_status":"closed","sticky":false,"template":"","format":"standard","meta":{"sfsi_plus_gutenberg_text_before_share":"","sfsi_plus_gutenberg_show_text_before_share":"","sfsi_plus_gutenberg_icon_type":"","sfsi_plus_gutenberg_icon_alignemt":"","sfsi_plus_gutenburg_max_per_row":"","footnotes":""},"categories":[2],"tags":[],"class_list":["post-139943","post","type-post","status-publish","format-standard","has-post-thumbnail","hentry","category-geral"],"_links":{"self":[{"href":"https:\/\/www.caririemacao.com\/1\/wp-json\/wp\/v2\/posts\/139943","targetHints":{"allow":["GET"]}}],"collection":[{"href":"https:\/\/www.caririemacao.com\/1\/wp-json\/wp\/v2\/posts"}],"about":[{"href":"https:\/\/www.caririemacao.com\/1\/wp-json\/wp\/v2\/types\/post"}],"author":[{"embeddable":true,"href":"https:\/\/www.caririemacao.com\/1\/wp-json\/wp\/v2\/users\/1"}],"replies":[{"embeddable":true,"href":"https:\/\/www.caririemacao.com\/1\/wp-json\/wp\/v2\/comments?post=139943"}],"version-history":[{"count":1,"href":"https:\/\/www.caririemacao.com\/1\/wp-json\/wp\/v2\/posts\/139943\/revisions"}],"predecessor-version":[{"id":139945,"href":"https:\/\/www.caririemacao.com\/1\/wp-json\/wp\/v2\/posts\/139943\/revisions\/139945"}],"wp:featuredmedia":[{"embeddable":true,"href":"https:\/\/www.caririemacao.com\/1\/wp-json\/wp\/v2\/media\/139944"}],"wp:attachment":[{"href":"https:\/\/www.caririemacao.com\/1\/wp-json\/wp\/v2\/media?parent=139943"}],"wp:term":[{"taxonomy":"category","embeddable":true,"href":"https:\/\/www.caririemacao.com\/1\/wp-json\/wp\/v2\/categories?post=139943"},{"taxonomy":"post_tag","embeddable":true,"href":"https:\/\/www.caririemacao.com\/1\/wp-json\/wp\/v2\/tags?post=139943"}],"curies":[{"name":"wp","href":"https:\/\/api.w.org\/{rel}","templated":true}]}}