{"id":139951,"date":"2019-12-08T10:27:41","date_gmt":"2019-12-08T13:27:41","guid":{"rendered":"http:\/\/www.caririemacao.com\/1\/?p=139951"},"modified":"2019-12-08T10:27:41","modified_gmt":"2019-12-08T13:27:41","slug":"policia-prende-oito-pessoas-e-desarticula-associacao-de-trafico-e-roubos-na-regiao-de-princesa-isabel","status":"publish","type":"post","link":"https:\/\/www.caririemacao.com\/1\/2019\/12\/08\/policia-prende-oito-pessoas-e-desarticula-associacao-de-trafico-e-roubos-na-regiao-de-princesa-isabel\/","title":{"rendered":"Pol\u00edcia prende oito pessoas e desarticula associa\u00e7\u00e3o de tr\u00e1fico e roubos na regi\u00e3o de Princesa Isabel"},"content":{"rendered":"\n<p>Uma a\u00e7\u00e3o integrada das Pol\u00edcias Civil e Militar da Para\u00edba com as Pol\u00edcia Civil e Militar de Pernambuco foi realizada na madrugada deste s\u00e1bado (7), na 16\u00aa \u00c1rea Integrada de Seguran\u00e7a P\u00fablica, com sede em Princesa Isabel, desarticulando uma associa\u00e7\u00e3o criminosa respons\u00e1vel pela pr\u00e1tica de tr\u00e1fico de drogas e roubos a estabelecimentos comerciais e resid\u00eancias. Ao todo, oito pessoas foram presas no trabalho, intitulado \u2018Opera\u00e7\u00e3o Rabo da Gata\u2019, em refer\u00eancia \u00e0 rua onde funcionava a sede do grupo, no munic\u00edpio de Imaculada (PB). Os policiais da 16\u00aa Delegacia Seccional de Pol\u00edcia Civil, da 5\u00aa Companhia Independente de Pol\u00edcia Militar e os policiais pernambucanos ainda apreenderam celulares e coca\u00edna (foto acima ilustrativa).<\/p>\n\n\n\n<p>De acordo com o delegado seccional Cristiano Jacques, as pris\u00f5es aconteceram nas \u00e1reas urbana e rural da cidade, no distrito de Palmeira; no munic\u00edpio paraibano de \u00c1gua Branca, mais precisamente no s\u00edtio Mereco; e na cidade de Santa Terezinha, em Pernambuco. \u201cA associa\u00e7\u00e3o criminosa era comandada por Alg\u00e9rio Simoa da Silva, conhecido por \u2018Canca\u2019 ou \u2018Canca de Solid\u00e3o\u2019, que distribu\u00eda as drogas, maconha e coca\u00edna, para as cidades paraibanas de Imaculada, \u00c1gua Branca, Tavares e Santa Terezinha. Canca tamb\u00e9m recrutava adolescentes da regi\u00e3o, em ambos os estados, para a pr\u00e1tica de assaltos a estabelecimentos comerciais e as resid\u00eancias. Ele \u00e9 suspeito de envolvimento com roubo de ve\u00edculos e venda de carros e motos de origem criminosa\u201d, detalhou a autoridade policial. Ele ainda acrescentou que Alg\u00e9rio Simoa tem v\u00e1rias condena\u00e7\u00f5es por envolvimento em assaltos na Para\u00edba e em Pernambuco. \u201cEle \u00e9 apontado como idealizador da fuga da cadeia de Princesa Isabel no ano de 2016, respondendo a processo criminal por tal crime\u201d, afirmou.<\/p>\n\n\n\n<p>Al\u00e9m de Canca, foram presos durante a opera\u00e7\u00e3o policial: Paulo S\u00e9rgio soares Oliveira, o \u2018Paulinho da Vila\u2019, H\u00e9rcules Clayton de Sousa Oliveira, Maria Aparecida Rodrigues Teixeira, conhecida como \u2018Neguinha\u2019, Edilene Pereira Sousa, a \u2018Edilene Loura\u2019, Dami\u00e3o Pereira de Lima, o \u2018Dami\u00e3o de Juvenal\u2019, Ivone da Silva Brasil e Jos\u00e9 David Fernandes de Oliveira.<\/p>\n\n\n\n<p>Segundo as investiga\u00e7\u00f5es, mesmo antes de sair do sistema prisional, Ag\u00e9rio Simoa da Silva comandava, de dentro do pres\u00eddio, o tr\u00e1fico de drogas na regi\u00e3o, sendo suspeito de ter constru\u00eddo uma casa no munic\u00edpio de Imaculada com dinheiro proveniente da venda de entorpecentes. As Pol\u00edcias Civil e Militar ir\u00e3o continuar atuando de forma preventiva e repressiva contra os crimes patrimoniais e tr\u00e1fico na regi\u00e3o e outras pessoas podem ser presas na segunda fase da opera\u00e7\u00e3o.<\/p>\n\n\n\n<p>OPIPOCO<\/p>\n","protected":false},"excerpt":{"rendered":"<p>Uma a\u00e7\u00e3o integrada das Pol\u00edcias Civil e Militar da Para\u00edba com as Pol\u00edcia Civil e Militar de Pernambuco foi realizada na madrugada deste s\u00e1bado (7),&hellip; <\/p>\n","protected":false},"author":1,"featured_media":139952,"comment_status":"closed","ping_status":"closed","sticky":false,"template":"","format":"standard","meta":{"sfsi_plus_gutenberg_text_before_share":"","sfsi_plus_gutenberg_show_text_before_share":"","sfsi_plus_gutenberg_icon_type":"","sfsi_plus_gutenberg_icon_alignemt":"","sfsi_plus_gutenburg_max_per_row":"","footnotes":""},"categories":[12],"tags":[],"class_list":["post-139951","post","type-post","status-publish","format-standard","has-post-thumbnail","hentry","category-policia"],"_links":{"self":[{"href":"https:\/\/www.caririemacao.com\/1\/wp-json\/wp\/v2\/posts\/139951","targetHints":{"allow":["GET"]}}],"collection":[{"href":"https:\/\/www.caririemacao.com\/1\/wp-json\/wp\/v2\/posts"}],"about":[{"href":"https:\/\/www.caririemacao.com\/1\/wp-json\/wp\/v2\/types\/post"}],"author":[{"embeddable":true,"href":"https:\/\/www.caririemacao.com\/1\/wp-json\/wp\/v2\/users\/1"}],"replies":[{"embeddable":true,"href":"https:\/\/www.caririemacao.com\/1\/wp-json\/wp\/v2\/comments?post=139951"}],"version-history":[{"count":1,"href":"https:\/\/www.caririemacao.com\/1\/wp-json\/wp\/v2\/posts\/139951\/revisions"}],"predecessor-version":[{"id":139953,"href":"https:\/\/www.caririemacao.com\/1\/wp-json\/wp\/v2\/posts\/139951\/revisions\/139953"}],"wp:featuredmedia":[{"embeddable":true,"href":"https:\/\/www.caririemacao.com\/1\/wp-json\/wp\/v2\/media\/139952"}],"wp:attachment":[{"href":"https:\/\/www.caririemacao.com\/1\/wp-json\/wp\/v2\/media?parent=139951"}],"wp:term":[{"taxonomy":"category","embeddable":true,"href":"https:\/\/www.caririemacao.com\/1\/wp-json\/wp\/v2\/categories?post=139951"},{"taxonomy":"post_tag","embeddable":true,"href":"https:\/\/www.caririemacao.com\/1\/wp-json\/wp\/v2\/tags?post=139951"}],"curies":[{"name":"wp","href":"https:\/\/api.w.org\/{rel}","templated":true}]}}