{"id":139958,"date":"2019-12-08T10:34:58","date_gmt":"2019-12-08T13:34:58","guid":{"rendered":"http:\/\/www.caririemacao.com\/1\/?p=139958"},"modified":"2019-12-08T10:34:58","modified_gmt":"2019-12-08T13:34:58","slug":"carroseiro-que-subiu-na-torre-da-tim-na-pb-exigiu-a-quantia-de-r-800-para-descer","status":"publish","type":"post","link":"https:\/\/www.caririemacao.com\/1\/2019\/12\/08\/carroseiro-que-subiu-na-torre-da-tim-na-pb-exigiu-a-quantia-de-r-800-para-descer\/","title":{"rendered":"Carroseiro que subiu na torre da TIM na PB exigiu a quantia de R$ 800 para descer"},"content":{"rendered":"\n<p>Um carroceiro identificado como Jos\u00e9 Carlos Concei\u00e7\u00e3o, conhecido por \u201cZ\u00e9 da Torre\u201d, subiu numa torre de telefonia situada pr\u00f3ximo ao shopping no centro de Catol\u00e9 do Rocha, sert\u00e3o paraibano. O fato aconteceu no final da manh\u00e3 desta sexta-feira (06 de dezembro) e deixou toda a popula\u00e7\u00e3o da cidade e da regi\u00e3o apreensiva.<\/p>\n\n\n\n<p>Bombeiros foram acionados e compareceram ao local. Ruas no entorno da torre foram interditadas durante todo o per\u00edodo.<\/p>\n\n\n\n<p>O homem de 38 anos passou cerca de 5 horas na torre em uma altura de aproximadamente 15 a 20 metros. Ele subiu levando consigo uma faca e uma corda pendurada no pesco\u00e7o e chegou a exigir a quantia de R$ 800 em dinheiro. Tamb\u00e9m exigiu a presen\u00e7a do prefeito Leomar Maia e de uma assistente social.<\/p>\n\n\n\n<p>\u201cZ\u00e9 da Torre\u201d, que j\u00e1 \u00e9 dado a essa pr\u00e1tica em v\u00e1rias cidades do Nordeste, resolveu descer depois das 4 da tarde. Ap\u00f3s a descida, ele foi avaliado pelos socorristas e em seguida encaminhado \u00e0 delegacia para os procedimentos cab\u00edveis.<\/p>\n\n\n\n<p>CATOL\u00c9 AGORA<\/p>\n","protected":false},"excerpt":{"rendered":"<p>Um carroceiro identificado como Jos\u00e9 Carlos Concei\u00e7\u00e3o, conhecido por \u201cZ\u00e9 da Torre\u201d, subiu numa torre de telefonia situada pr\u00f3ximo ao shopping no centro de Catol\u00e9&hellip; <\/p>\n","protected":false},"author":1,"featured_media":139959,"comment_status":"closed","ping_status":"closed","sticky":false,"template":"","format":"standard","meta":{"sfsi_plus_gutenberg_text_before_share":"","sfsi_plus_gutenberg_show_text_before_share":"","sfsi_plus_gutenberg_icon_type":"","sfsi_plus_gutenberg_icon_alignemt":"","sfsi_plus_gutenburg_max_per_row":"","footnotes":""},"categories":[50,2],"tags":[],"class_list":["post-139958","post","type-post","status-publish","format-standard","has-post-thumbnail","hentry","category-destaque","category-geral"],"_links":{"self":[{"href":"https:\/\/www.caririemacao.com\/1\/wp-json\/wp\/v2\/posts\/139958","targetHints":{"allow":["GET"]}}],"collection":[{"href":"https:\/\/www.caririemacao.com\/1\/wp-json\/wp\/v2\/posts"}],"about":[{"href":"https:\/\/www.caririemacao.com\/1\/wp-json\/wp\/v2\/types\/post"}],"author":[{"embeddable":true,"href":"https:\/\/www.caririemacao.com\/1\/wp-json\/wp\/v2\/users\/1"}],"replies":[{"embeddable":true,"href":"https:\/\/www.caririemacao.com\/1\/wp-json\/wp\/v2\/comments?post=139958"}],"version-history":[{"count":1,"href":"https:\/\/www.caririemacao.com\/1\/wp-json\/wp\/v2\/posts\/139958\/revisions"}],"predecessor-version":[{"id":139960,"href":"https:\/\/www.caririemacao.com\/1\/wp-json\/wp\/v2\/posts\/139958\/revisions\/139960"}],"wp:featuredmedia":[{"embeddable":true,"href":"https:\/\/www.caririemacao.com\/1\/wp-json\/wp\/v2\/media\/139959"}],"wp:attachment":[{"href":"https:\/\/www.caririemacao.com\/1\/wp-json\/wp\/v2\/media?parent=139958"}],"wp:term":[{"taxonomy":"category","embeddable":true,"href":"https:\/\/www.caririemacao.com\/1\/wp-json\/wp\/v2\/categories?post=139958"},{"taxonomy":"post_tag","embeddable":true,"href":"https:\/\/www.caririemacao.com\/1\/wp-json\/wp\/v2\/tags?post=139958"}],"curies":[{"name":"wp","href":"https:\/\/api.w.org\/{rel}","templated":true}]}}