{"id":139985,"date":"2019-12-08T10:44:43","date_gmt":"2019-12-08T13:44:43","guid":{"rendered":"http:\/\/www.caririemacao.com\/1\/?p=139985"},"modified":"2019-12-08T10:44:43","modified_gmt":"2019-12-08T13:44:43","slug":"bebe-faz-cara-de-brava-em-ensaio-fotografico-e-encanta-a-web","status":"publish","type":"post","link":"https:\/\/www.caririemacao.com\/1\/2019\/12\/08\/bebe-faz-cara-de-brava-em-ensaio-fotografico-e-encanta-a-web\/","title":{"rendered":"Beb\u00ea faz cara de &#8216;brava&#8217; em ensaio fotogr\u00e1fico e encanta a web"},"content":{"rendered":"\n<p>Ensaios newborn costumam encantar pela fofura dos beb\u00eas, geralmente dormindo em posi\u00e7\u00f5es pac\u00edficas. N\u00e3o foi o caso da sess\u00e3o da pequena Luna Musa, que saiu &#8220;brava&#8221; em todas as suas fotos.&nbsp;Luna nasceu no \u00faltimo dia 15 de novembro e, segundo seu pai disse em entrevista ao Good Morning America, ela j\u00e1 nasceu brava assim. &#8220;Ela tem sido malvada desde o primeiro dia&#8221;, disse o pai Christian Muse. &#8220;Ela \u00e9 malvada o tempo todo, ou simplesmente n\u00e3o se impressiona&#8221;.<\/p>\n\n\n\n<p>O ensaio ocorreu na \u00faltima segunda-feira e levou 90 minutos. Segundo a fot\u00f3grafa, Justine Tuhy, Luna ficou tranquila durante toda a sess\u00e3o, apesar da express\u00e3o.<\/p>\n\n\n\n<p>&#8220;Ela ficou completamente contente o tempo todo&#8221;, disse Tuhy. &#8220;Ela s\u00f3 me encarou assim o tempo todo tamb\u00e9m&#8221;.<\/p>\n\n\n\n<p>&#8220;Eu sempre me pergunto quando eles est\u00e3o acordados, &#8216;O que eles est\u00e3o pensando exatamente? Voc\u00ea ama isso ou n\u00e3o gosta disso?'&#8221;, acrescentou.<\/p>\n\n\n\n<p>O pai contou que ele e sua esposa, Lori, puderam descansar enquanto Tuhy fotografava Luna, mas quando viram as primeiras fotos, n\u00e3o resistiram \u00e0s risadas.<\/p>\n\n\n\n<p>A menina ficou famosa depois que a fot\u00f3grafa compartilhou as fotos em suas redes sociais. &#8220;Eu s\u00f3 estava fazendo o meu trabalho. A senhorita Luna fez todo o trabalho incr\u00edvel com suas express\u00f5es faciais tolas. Sou super aben\u00e7oado por ter capturado esse momento especial para a fam\u00edlia que eles poder\u00e3o apreciar para sempre&#8221;.<\/p>\n","protected":false},"excerpt":{"rendered":"<p>Ensaios newborn costumam encantar pela fofura dos beb\u00eas, geralmente dormindo em posi\u00e7\u00f5es pac\u00edficas. N\u00e3o foi o caso da sess\u00e3o da pequena Luna Musa, que saiu&hellip; <\/p>\n","protected":false},"author":1,"featured_media":139986,"comment_status":"closed","ping_status":"closed","sticky":false,"template":"","format":"standard","meta":{"sfsi_plus_gutenberg_text_before_share":"","sfsi_plus_gutenberg_show_text_before_share":"","sfsi_plus_gutenberg_icon_type":"","sfsi_plus_gutenberg_icon_alignemt":"","sfsi_plus_gutenburg_max_per_row":"","footnotes":""},"categories":[2],"tags":[],"class_list":["post-139985","post","type-post","status-publish","format-standard","has-post-thumbnail","hentry","category-geral"],"_links":{"self":[{"href":"https:\/\/www.caririemacao.com\/1\/wp-json\/wp\/v2\/posts\/139985","targetHints":{"allow":["GET"]}}],"collection":[{"href":"https:\/\/www.caririemacao.com\/1\/wp-json\/wp\/v2\/posts"}],"about":[{"href":"https:\/\/www.caririemacao.com\/1\/wp-json\/wp\/v2\/types\/post"}],"author":[{"embeddable":true,"href":"https:\/\/www.caririemacao.com\/1\/wp-json\/wp\/v2\/users\/1"}],"replies":[{"embeddable":true,"href":"https:\/\/www.caririemacao.com\/1\/wp-json\/wp\/v2\/comments?post=139985"}],"version-history":[{"count":1,"href":"https:\/\/www.caririemacao.com\/1\/wp-json\/wp\/v2\/posts\/139985\/revisions"}],"predecessor-version":[{"id":139987,"href":"https:\/\/www.caririemacao.com\/1\/wp-json\/wp\/v2\/posts\/139985\/revisions\/139987"}],"wp:featuredmedia":[{"embeddable":true,"href":"https:\/\/www.caririemacao.com\/1\/wp-json\/wp\/v2\/media\/139986"}],"wp:attachment":[{"href":"https:\/\/www.caririemacao.com\/1\/wp-json\/wp\/v2\/media?parent=139985"}],"wp:term":[{"taxonomy":"category","embeddable":true,"href":"https:\/\/www.caririemacao.com\/1\/wp-json\/wp\/v2\/categories?post=139985"},{"taxonomy":"post_tag","embeddable":true,"href":"https:\/\/www.caririemacao.com\/1\/wp-json\/wp\/v2\/tags?post=139985"}],"curies":[{"name":"wp","href":"https:\/\/api.w.org\/{rel}","templated":true}]}}