{"id":139989,"date":"2019-12-08T10:45:55","date_gmt":"2019-12-08T13:45:55","guid":{"rendered":"http:\/\/www.caririemacao.com\/1\/?p=139989"},"modified":"2019-12-08T10:45:55","modified_gmt":"2019-12-08T13:45:55","slug":"vacina-o-perigo-da-desinformacao-e-a-importancia-da-imunizacao","status":"publish","type":"post","link":"https:\/\/www.caririemacao.com\/1\/2019\/12\/08\/vacina-o-perigo-da-desinformacao-e-a-importancia-da-imunizacao\/","title":{"rendered":"Vacina: o perigo da desinforma\u00e7\u00e3o e a import\u00e2ncia da imuniza\u00e7\u00e3o"},"content":{"rendered":"\n<p>\u201cAs fake news est\u00e3o nos deixando doentes?\u201d, esse foi o tema do estudo feito pela Sociedade Brasileira de Imuniza\u00e7\u00f5es, que mostrou que sete em cada dez brasileiros acreditam em alguma informa\u00e7\u00e3o falsa relacionada \u00e0 vacina\u00e7\u00e3o.&nbsp;<strong>O Rep\u00f3rter MaisTV deste domingo (08) aborda o perigo da desinforma\u00e7\u00e3o e a import\u00e2ncia da imuniza\u00e7\u00e3o<\/strong>.<\/p>\n\n\n\n<p><em>O que a internet e redes sociais falam sobre a vacina? O que a popula\u00e7\u00e3o pensa sobre ela? Como a Secretaria de Sa\u00fade v\u00ea o movimento antivacina e qual \u00e9 o reflexo disso nos \u00edndices de imuniza\u00e7\u00e3o do Estado?&nbsp;<\/em><\/p>\n\n\n\n<p>O assunto tem crescido no mundo virtual e teorias ligam as vacinas \u00e0 doen\u00e7as e m\u00e1-forma\u00e7\u00f5es em beb\u00eas, mas a Organiza\u00e7\u00e3o Mundial de Sa\u00fade j\u00e1 adicionou o movimento antivacina \u00e0 lista das dez maiores amea\u00e7as, junto com o Ebola, o HIV, a Dengue e a Influeza.<\/p>\n\n\n\n<p>Doutorando em Bioci\u00eancias e Biotecnologia em Sa\u00fade, Irassandra Uch\u00f4a pede cautela e alerta a popula\u00e7\u00e3o sobre o poder da imuniza\u00e7\u00e3o. \u201cQuem se vacina n\u00e3o protege s\u00f3 a si, mas as pessoas que vivem ao seu redor. A vacina\u00e7\u00e3o \u00e9 um ato de amor e cuidado\u201d<\/p>\n\n\n\n<p><strong>Confira a reportagem completa:<\/strong><\/p>\n\n\n\n<figure><iframe width=\"590\" height=\"345\" data-src=\"https:\/\/www.youtube.com\/embed\/aisM4lEJ7Q4?theme=light&amp;autohide=1&amp;showinfo=0;wmode=transparent;border=none;iv_load_policy=1;rel=0\" allowfullscreen=\"\" src=\"data:image\/svg+xml;base64,PHN2ZyB3aWR0aD0iMSIgaGVpZ2h0PSIxIiB4bWxucz0iaHR0cDovL3d3dy53My5vcmcvMjAwMC9zdmciPjwvc3ZnPg==\" class=\"lazyload\" data-load-mode=\"1\"><\/iframe><\/figure>\n\n\n\n<p><strong>MaisPB<\/strong><\/p>\n","protected":false},"excerpt":{"rendered":"<p>\u201cAs fake news est\u00e3o nos deixando doentes?\u201d, esse foi o tema do estudo feito pela Sociedade Brasileira de Imuniza\u00e7\u00f5es, que mostrou que sete em cada&hellip; <\/p>\n","protected":false},"author":1,"featured_media":136165,"comment_status":"closed","ping_status":"closed","sticky":false,"template":"","format":"standard","meta":{"sfsi_plus_gutenberg_text_before_share":"","sfsi_plus_gutenberg_show_text_before_share":"","sfsi_plus_gutenberg_icon_type":"","sfsi_plus_gutenberg_icon_alignemt":"","sfsi_plus_gutenburg_max_per_row":"","footnotes":""},"categories":[16],"tags":[],"class_list":["post-139989","post","type-post","status-publish","format-standard","has-post-thumbnail","hentry","category-saude"],"_links":{"self":[{"href":"https:\/\/www.caririemacao.com\/1\/wp-json\/wp\/v2\/posts\/139989","targetHints":{"allow":["GET"]}}],"collection":[{"href":"https:\/\/www.caririemacao.com\/1\/wp-json\/wp\/v2\/posts"}],"about":[{"href":"https:\/\/www.caririemacao.com\/1\/wp-json\/wp\/v2\/types\/post"}],"author":[{"embeddable":true,"href":"https:\/\/www.caririemacao.com\/1\/wp-json\/wp\/v2\/users\/1"}],"replies":[{"embeddable":true,"href":"https:\/\/www.caririemacao.com\/1\/wp-json\/wp\/v2\/comments?post=139989"}],"version-history":[{"count":1,"href":"https:\/\/www.caririemacao.com\/1\/wp-json\/wp\/v2\/posts\/139989\/revisions"}],"predecessor-version":[{"id":139990,"href":"https:\/\/www.caririemacao.com\/1\/wp-json\/wp\/v2\/posts\/139989\/revisions\/139990"}],"wp:featuredmedia":[{"embeddable":true,"href":"https:\/\/www.caririemacao.com\/1\/wp-json\/wp\/v2\/media\/136165"}],"wp:attachment":[{"href":"https:\/\/www.caririemacao.com\/1\/wp-json\/wp\/v2\/media?parent=139989"}],"wp:term":[{"taxonomy":"category","embeddable":true,"href":"https:\/\/www.caririemacao.com\/1\/wp-json\/wp\/v2\/categories?post=139989"},{"taxonomy":"post_tag","embeddable":true,"href":"https:\/\/www.caririemacao.com\/1\/wp-json\/wp\/v2\/tags?post=139989"}],"curies":[{"name":"wp","href":"https:\/\/api.w.org\/{rel}","templated":true}]}}