{"id":139992,"date":"2019-12-08T10:47:02","date_gmt":"2019-12-08T13:47:02","guid":{"rendered":"http:\/\/www.caririemacao.com\/1\/?p=139992"},"modified":"2019-12-08T10:47:02","modified_gmt":"2019-12-08T13:47:02","slug":"bolsonaro-pede-revogacao-de-medida-que-excluiu-atividades-de-mei","status":"publish","type":"post","link":"https:\/\/www.caririemacao.com\/1\/2019\/12\/08\/bolsonaro-pede-revogacao-de-medida-que-excluiu-atividades-de-mei\/","title":{"rendered":"Bolsonaro pede revoga\u00e7\u00e3o de medida que excluiu atividades de MEI"},"content":{"rendered":"\n<p>O presidente Jair Bolsonaro informou ontem (7), em mensagem no Twitter, que determinou o envio ao Comit\u00ea Gestor do Simples Nacional de proposta de revoga\u00e7\u00e3o da medida que aprova a revis\u00e3o de uma s\u00e9rie de atividades que podem atuar como&nbsp; microempreendedores individuais (MEI). A medida resultou na exclus\u00e3o de algumas profiss\u00f5es do programa.<\/p>\n\n\n\n<p>Em nota, a Secretaria Executiva do Simples Nacional informou que a proposta ser\u00e1 encaminhada ao Comit\u00ea Gestor do programa, como tamb\u00e9m a&nbsp;proposta de ampla revis\u00e3o da lista das 500 atividades que podem atuar como MEI.<\/p>\n\n\n\n<p>A resolu\u00e7\u00e3o com a lista dos profissionais exclu\u00eddos foi publicada na edi\u00e7\u00e3o da \u00faltima sexta-feira (6) do&nbsp;<a href=\"http:\/\/pesquisa.in.gov.br\/imprensa\/jsp\/visualiza\/index.jsp?data=06\/12\/2019&amp;jornal=515&amp;pagina=64&amp;totalArquivos=155\" target=\"_blank\" rel=\"noreferrer noopener\">Di\u00e1rio Oficial da Uni\u00e3o<\/a>.<\/p>\n\n\n\n<p>Na lista est\u00e3o astr\u00f3logo, canto\/m\u00fasico, disc jockey (DJ) ou video-jockey (VJ), esteticista, humorista e contador de hist\u00f3rias, instrutor de arte e cultura, instrutor de artes c\u00eanicas, instrutor de cursos gerenciais, instrutor de cursos preparat\u00f3rios, instrutor de idiomas, instrutor de inform\u00e1tica, instrutor de m\u00fasica, professor particular e propriet\u00e1rio de bar, com entretenimento.<\/p>\n\n\n\n<p><strong>Ag\u00eancia Brasil<\/strong><\/p>\n","protected":false},"excerpt":{"rendered":"<p>O presidente Jair Bolsonaro informou ontem (7), em mensagem no Twitter, que determinou o envio ao Comit\u00ea Gestor do Simples Nacional de proposta de revoga\u00e7\u00e3o&hellip; <\/p>\n","protected":false},"author":1,"featured_media":135566,"comment_status":"closed","ping_status":"closed","sticky":false,"template":"","format":"standard","meta":{"sfsi_plus_gutenberg_text_before_share":"","sfsi_plus_gutenberg_show_text_before_share":"","sfsi_plus_gutenberg_icon_type":"","sfsi_plus_gutenberg_icon_alignemt":"","sfsi_plus_gutenburg_max_per_row":"","footnotes":""},"categories":[11],"tags":[],"class_list":["post-139992","post","type-post","status-publish","format-standard","has-post-thumbnail","hentry","category-politica"],"_links":{"self":[{"href":"https:\/\/www.caririemacao.com\/1\/wp-json\/wp\/v2\/posts\/139992","targetHints":{"allow":["GET"]}}],"collection":[{"href":"https:\/\/www.caririemacao.com\/1\/wp-json\/wp\/v2\/posts"}],"about":[{"href":"https:\/\/www.caririemacao.com\/1\/wp-json\/wp\/v2\/types\/post"}],"author":[{"embeddable":true,"href":"https:\/\/www.caririemacao.com\/1\/wp-json\/wp\/v2\/users\/1"}],"replies":[{"embeddable":true,"href":"https:\/\/www.caririemacao.com\/1\/wp-json\/wp\/v2\/comments?post=139992"}],"version-history":[{"count":1,"href":"https:\/\/www.caririemacao.com\/1\/wp-json\/wp\/v2\/posts\/139992\/revisions"}],"predecessor-version":[{"id":139993,"href":"https:\/\/www.caririemacao.com\/1\/wp-json\/wp\/v2\/posts\/139992\/revisions\/139993"}],"wp:featuredmedia":[{"embeddable":true,"href":"https:\/\/www.caririemacao.com\/1\/wp-json\/wp\/v2\/media\/135566"}],"wp:attachment":[{"href":"https:\/\/www.caririemacao.com\/1\/wp-json\/wp\/v2\/media?parent=139992"}],"wp:term":[{"taxonomy":"category","embeddable":true,"href":"https:\/\/www.caririemacao.com\/1\/wp-json\/wp\/v2\/categories?post=139992"},{"taxonomy":"post_tag","embeddable":true,"href":"https:\/\/www.caririemacao.com\/1\/wp-json\/wp\/v2\/tags?post=139992"}],"curies":[{"name":"wp","href":"https:\/\/api.w.org\/{rel}","templated":true}]}}