{"id":140006,"date":"2019-12-08T14:05:41","date_gmt":"2019-12-08T17:05:41","guid":{"rendered":"http:\/\/www.caririemacao.com\/1\/?p=140006"},"modified":"2019-12-08T14:05:41","modified_gmt":"2019-12-08T17:05:41","slug":"assista-prefeito-de-caraubas-entrega-van-e-assina-ordem-de-servico-para-construcao-de-ginasio-de-esportes-e-o-balneario-cangati","status":"publish","type":"post","link":"https:\/\/www.caririemacao.com\/1\/2019\/12\/08\/assista-prefeito-de-caraubas-entrega-van-e-assina-ordem-de-servico-para-construcao-de-ginasio-de-esportes-e-o-balneario-cangati\/","title":{"rendered":"Assista: prefeito de Cara\u00fabas entrega van e assina ordem de servi\u00e7o para constru\u00e7\u00e3o de gin\u00e1sio de esportes e o Balne\u00e1rio Cangati"},"content":{"rendered":"\n<p>O prefeito de Cara\u00fabas, Silvano Dudu realizou um evento no \u00faltimo s\u00e1bado (7) para entregar um ve\u00edculo van, com capacidade para 16 lugares que vai servir \u00e0 popula\u00e7\u00e3o e assinou a ordem de servi\u00e7o para constru\u00e7\u00e3o de um gin\u00e1sio de esportes e o Balne\u00e1rio Cangati, que ser\u00e1 um marco tur\u00edstico para regi\u00e3o.<\/p>\n\n\n\n<p>Os recursos para constru\u00e7\u00e3o dos projetos citados s\u00e3o oriundos do Governo Federal, com contrapartida da Prefeitura de Cara\u00fabas e interm\u00e9dio do senador Veneziano Vital e do deputado federal, Efraim Filho.<\/p>\n\n\n\n<p><strong>Assista:<\/strong><\/p>\n\n\n\n<figure><iframe data-src=\"http:\/\/www.youtube.com\/embed\/aGLB9amf5Rk?version=3&amp;rel=1&amp;fs=1&amp;autohide=2&amp;showsearch=0&amp;showinfo=1&amp;iv_load_policy=1&amp;wmode=transparent\" allowfullscreen=\"true\" src=\"data:image\/svg+xml;base64,PHN2ZyB3aWR0aD0iMSIgaGVpZ2h0PSIxIiB4bWxucz0iaHR0cDovL3d3dy53My5vcmcvMjAwMC9zdmciPjwvc3ZnPg==\" class=\"lazyload\" data-load-mode=\"1\"><\/iframe><\/figure>\n\n\n\n<p>A solenidade foi prestigiada por prefeitos da regi\u00e3o, como o Givaldo Limeira, prefeito de Coxixola, Adriano, prefeito de S\u00e3o Sebasti\u00e3o do Umbuzeiro e C\u00e9lio, prefeito de S\u00e3o Jo\u00e3o do Tigre, al\u00e9m do vice-prefeito de Congo, Ros\u00e9mario, do vereador de S\u00e3o Domingos do Cariri, Ant\u00f4nio Pereira e outras lideran\u00e7as.<\/p>\n\n\n\n<p><strong>Veja fotos:<\/strong><\/p>\n\n\n\n<figure class=\"wp-block-image\"><img decoding=\"async\" data-src=\"http:\/\/www.blogdobrunolira.com.br\/wp-content\/uploads\/2019\/12\/WhatsApp-Image-2019-12-07-at-13.53.41-1.jpeg\" alt=\"\" class=\"wp-image-17946 lazyload\" src=\"data:image\/svg+xml;base64,PHN2ZyB3aWR0aD0iMSIgaGVpZ2h0PSIxIiB4bWxucz0iaHR0cDovL3d3dy53My5vcmcvMjAwMC9zdmciPjwvc3ZnPg==\" \/><\/figure>\n\n\n\n<figure class=\"wp-block-image\"><img decoding=\"async\" data-src=\"http:\/\/www.blogdobrunolira.com.br\/wp-content\/uploads\/2019\/12\/WhatsApp-Image-2019-12-07-at-13.53.41.jpeg\" alt=\"\" class=\"wp-image-17947 lazyload\" src=\"data:image\/svg+xml;base64,PHN2ZyB3aWR0aD0iMSIgaGVpZ2h0PSIxIiB4bWxucz0iaHR0cDovL3d3dy53My5vcmcvMjAwMC9zdmciPjwvc3ZnPg==\" \/><\/figure>\n\n\n\n<figure class=\"wp-block-image\"><img decoding=\"async\" data-src=\"http:\/\/www.blogdobrunolira.com.br\/wp-content\/uploads\/2019\/12\/WhatsApp-Image-2019-12-07-at-13.53.41-2.jpeg\" alt=\"\" class=\"wp-image-17948 lazyload\" src=\"data:image\/svg+xml;base64,PHN2ZyB3aWR0aD0iMSIgaGVpZ2h0PSIxIiB4bWxucz0iaHR0cDovL3d3dy53My5vcmcvMjAwMC9zdmciPjwvc3ZnPg==\" \/><\/figure>\n\n\n\n<figure class=\"wp-block-image\"><img decoding=\"async\" data-src=\"http:\/\/www.blogdobrunolira.com.br\/wp-content\/uploads\/2019\/12\/WhatsApp-Image-2019-12-07-at-13.53.41-3.jpeg\" alt=\"\" class=\"wp-image-17949 lazyload\" src=\"data:image\/svg+xml;base64,PHN2ZyB3aWR0aD0iMSIgaGVpZ2h0PSIxIiB4bWxucz0iaHR0cDovL3d3dy53My5vcmcvMjAwMC9zdmciPjwvc3ZnPg==\" \/><\/figure>\n\n\n\n<figure class=\"wp-block-image\"><img decoding=\"async\" data-src=\"http:\/\/www.blogdobrunolira.com.br\/wp-content\/uploads\/2019\/12\/WhatsApp-Image-2019-12-07-at-13.53.41-5.jpeg\" alt=\"\" class=\"wp-image-17950 lazyload\" src=\"data:image\/svg+xml;base64,PHN2ZyB3aWR0aD0iMSIgaGVpZ2h0PSIxIiB4bWxucz0iaHR0cDovL3d3dy53My5vcmcvMjAwMC9zdmciPjwvc3ZnPg==\" \/><\/figure>\n\n\n\n<figure class=\"wp-block-image\"><img decoding=\"async\" data-src=\"http:\/\/www.blogdobrunolira.com.br\/wp-content\/uploads\/2019\/12\/WhatsApp-Image-2019-12-07-at-13.53.41-6.jpeg\" alt=\"\" class=\"wp-image-17951 lazyload\" src=\"data:image\/svg+xml;base64,PHN2ZyB3aWR0aD0iMSIgaGVpZ2h0PSIxIiB4bWxucz0iaHR0cDovL3d3dy53My5vcmcvMjAwMC9zdmciPjwvc3ZnPg==\" \/><\/figure>\n\n\n\n<p><strong>Blog do Bruno Lira<\/strong><\/p>\n","protected":false},"excerpt":{"rendered":"<p>O prefeito de Cara\u00fabas, Silvano Dudu realizou um evento no \u00faltimo s\u00e1bado (7) para entregar um ve\u00edculo van, com capacidade para 16 lugares que vai&hellip; <\/p>\n","protected":false},"author":1,"featured_media":140007,"comment_status":"closed","ping_status":"closed","sticky":false,"template":"","format":"standard","meta":{"sfsi_plus_gutenberg_text_before_share":"","sfsi_plus_gutenberg_show_text_before_share":"","sfsi_plus_gutenberg_icon_type":"","sfsi_plus_gutenberg_icon_alignemt":"","sfsi_plus_gutenburg_max_per_row":"","footnotes":""},"categories":[6,50],"tags":[],"class_list":["post-140006","post","type-post","status-publish","format-standard","has-post-thumbnail","hentry","category-cidades","category-destaque"],"_links":{"self":[{"href":"https:\/\/www.caririemacao.com\/1\/wp-json\/wp\/v2\/posts\/140006","targetHints":{"allow":["GET"]}}],"collection":[{"href":"https:\/\/www.caririemacao.com\/1\/wp-json\/wp\/v2\/posts"}],"about":[{"href":"https:\/\/www.caririemacao.com\/1\/wp-json\/wp\/v2\/types\/post"}],"author":[{"embeddable":true,"href":"https:\/\/www.caririemacao.com\/1\/wp-json\/wp\/v2\/users\/1"}],"replies":[{"embeddable":true,"href":"https:\/\/www.caririemacao.com\/1\/wp-json\/wp\/v2\/comments?post=140006"}],"version-history":[{"count":1,"href":"https:\/\/www.caririemacao.com\/1\/wp-json\/wp\/v2\/posts\/140006\/revisions"}],"predecessor-version":[{"id":140008,"href":"https:\/\/www.caririemacao.com\/1\/wp-json\/wp\/v2\/posts\/140006\/revisions\/140008"}],"wp:featuredmedia":[{"embeddable":true,"href":"https:\/\/www.caririemacao.com\/1\/wp-json\/wp\/v2\/media\/140007"}],"wp:attachment":[{"href":"https:\/\/www.caririemacao.com\/1\/wp-json\/wp\/v2\/media?parent=140006"}],"wp:term":[{"taxonomy":"category","embeddable":true,"href":"https:\/\/www.caririemacao.com\/1\/wp-json\/wp\/v2\/categories?post=140006"},{"taxonomy":"post_tag","embeddable":true,"href":"https:\/\/www.caririemacao.com\/1\/wp-json\/wp\/v2\/tags?post=140006"}],"curies":[{"name":"wp","href":"https:\/\/api.w.org\/{rel}","templated":true}]}}