{"id":140013,"date":"2019-12-08T15:33:54","date_gmt":"2019-12-08T18:33:54","guid":{"rendered":"http:\/\/www.caririemacao.com\/1\/?p=140013"},"modified":"2019-12-08T15:33:54","modified_gmt":"2019-12-08T18:33:54","slug":"datafolha-36-reprovam-e-30-aprovam-o-governo-bolsonaro","status":"publish","type":"post","link":"https:\/\/www.caririemacao.com\/1\/2019\/12\/08\/datafolha-36-reprovam-e-30-aprovam-o-governo-bolsonaro\/","title":{"rendered":"Datafolha: 36% reprovam e 30% aprovam o governo Bolsonaro"},"content":{"rendered":"\n<p>Pesquisa Datafolha divulgada neste domingo (8) pelo jornal &#8220;Folha de S.Paulo&#8221; mostra os seguintes percentuais de avalia\u00e7\u00e3o do governo do presidente Jair Bolsonaro (PSL):<\/p>\n\n\n\n<p>\u00d3timo\/bom: 30%<br>Regular: 32%<br>Ruim\/p\u00e9ssimo: 36%<br>N\u00e3o sabe\/n\u00e3o respondeu: 1%<\/p>\n\n\n\n<p>A nota m\u00e9dia (de 0 a 10) atribu\u00edda pelos entrevistados ao presidente foi 5,1, a mesma de agosto.<\/p>\n\n\n\n<p>A pesquisa foi realizada nos dias 5 e 6 de dezembro com 2.948 pessoas, em 176 cidades. A margem de erro \u00e9 de dois pontos percentuais para mais ou para menos. O n\u00edvel de confian\u00e7a da pesquisa \u00e9 de 95% \u2013 isso quer dizer que h\u00e1 uma probabilidade de 95% de os resultados retratarem a realidade, considerando a margem de erro.<\/p>\n\n\n\n<p><strong>Pesquisas anteriores<\/strong><br>Em agosto, julho e em abril, quando foram realizadas as pesquisas anteriores, os \u00edndices foram:<\/p>\n\n\n\n<p>\u00d3timo\/bom: 29% em agosto; 33%, em julho; 32%, em abril<br>Regular: 30 em agosto; 31%, em julho; 33%, em abril<br>Ruim\/p\u00e9ssimo: 38% em agosto; 33%, em julho; 30%, em abril<br>N\u00e3o sabe\/n\u00e3o respondeu: 2% em agosto; 2%, em julho; 4%, em abril<\/p>\n\n\n\n<p><strong>Confian\u00e7a<\/strong><br>O instituto perguntou tamb\u00e9m aos entrevistados se eles confiam no que Bolsonaro diz.<\/p>\n\n\n\n<p>Confiam: 19%<br>Confiam \u00e0s vezes: 37%<br>Nunca confiam: 43%<br>N\u00e3o sabe\/n\u00e3o respondeu: 1%<\/p>\n\n\n\n<p><strong>Expectativa<\/strong><\/p>\n\n\n\n<p>Em rela\u00e7\u00e3o \u00e0 expectativa com o futuro do governo, 43% esperam que Bolsonaro fa\u00e7a uma gest\u00e3o \u00f3tima ou boa. Em agosto, eram 45%; em julho, 51%, e em abril, 59%.<\/p>\n\n\n\n<p>Outros 32% acreditam que o presidente far\u00e1 uma administra\u00e7\u00e3o ruim ou p\u00e9ssima, contra os mesmos 32% em agosto, 24% em julho, e 23% em abril; 22% agora creem em um desempenho regular.<\/p>\n\n\n\n<p><strong>Economia<\/strong><br>Segundo a pesquisa, 43% dos entrevistados acham a situa\u00e7\u00e3o econ\u00f4mica do pa\u00eds vai melhorar (eram 40% em agosto); 31% entendem que vai ficar como est\u00e1 (os mesmos 31% de agosto); e 24% responderam que vai piorar (eram 26% em agosto).<\/p>\n\n\n\n<p>De acordo com o Datafolha, 25% aprovam o trabalho da equipe econ\u00f4mica do atual governo.<\/p>\n\n\n\n<p>Sobre a crise econ\u00f4mica que o pa\u00eds atravessa, 5% responderam que j\u00e1 acabou, 37% acham que vai acabar logo e 55% disseram que vai demorar.<\/p>\n\n\n\n<p><strong>Atua\u00e7\u00e3o do presidente<\/strong><br>O Datafolha verificou, ainda, se os entrevistados acreditam que o presidente age ou n\u00e3o como deveria. Veja os percentuais:<\/p>\n\n\n\n<p>Age como deveria: 14% (eram 15% em agosto, 22% em julho, e 27% em abril)<br>Na maioria das ocasi\u00f5es age como deveria: 28% (eram 27% em agosto, 28% em julho, e 27% em abril)<br>Em algumas ocasi\u00f5es age como deveria: 25% (eram 23% em agosto, 21% em julho, e 20% em abril)<br>Em nenhuma ocasi\u00e3o age como deveria: 28% (eram 32% em agosto, 25% em julho e 23% em abril)<\/p>\n\n\n\n<p><strong>Principais problemas do pa\u00eds<\/strong><br>Os entrevistados elegeram ainda os principais problemas do pa\u00eds:<\/p>\n\n\n\n<p>Sa\u00fade: 32%<br>Educa\u00e7\u00e3o: 14%<br>Seguran\u00e7a: 13%<br>Desemprego: 13%<br>Corrup\u00e7\u00e3o: 8%<br>Economia: 8%<\/p>\n\n\n\n<p>O levantamento mostra que, para os entrevistados, a imagem do Brasil no exterior melhorou, segundo 31%, piorou para 39%, e \u00e9 mesma para 25%.<\/p>\n\n\n\n<p><strong>Outros presidentes<\/strong><br>Ap\u00f3s um ano de mandato, os percentuais de ruim e p\u00e9ssimo dos \u00faltimos presidentes foram os seguintes:<\/p>\n\n\n\n<p>Fernando Collor (1991): 34%<br>Fernando Henrique Cardoso (1995): 15%<br>Luiz In\u00e1cio Lula da Silva (2003): 15%<br>Dilma Rousseff (2011): 6%<\/p>\n\n\n\n<p>Ap\u00f3s um ano de mandato, os percentuais de aprova\u00e7\u00e3o dos \u00faltimos presidentes foram os seguintes:<\/p>\n\n\n\n<p>Fernando Henrique Cardoso (1995): 41%<br>Luiz In\u00e1cio Lula da Silva (2003): 42%<br>Dilma Rousseff (2011): 59%<\/p>\n","protected":false},"excerpt":{"rendered":"<p>Pesquisa Datafolha divulgada neste domingo (8) pelo jornal &#8220;Folha de S.Paulo&#8221; mostra os seguintes percentuais de avalia\u00e7\u00e3o do governo do presidente Jair Bolsonaro (PSL): \u00d3timo\/bom:&hellip; <\/p>\n","protected":false},"author":1,"featured_media":105390,"comment_status":"closed","ping_status":"closed","sticky":false,"template":"","format":"standard","meta":{"sfsi_plus_gutenberg_text_before_share":"","sfsi_plus_gutenberg_show_text_before_share":"","sfsi_plus_gutenberg_icon_type":"","sfsi_plus_gutenberg_icon_alignemt":"","sfsi_plus_gutenburg_max_per_row":"","footnotes":""},"categories":[11],"tags":[],"class_list":["post-140013","post","type-post","status-publish","format-standard","has-post-thumbnail","hentry","category-politica"],"_links":{"self":[{"href":"https:\/\/www.caririemacao.com\/1\/wp-json\/wp\/v2\/posts\/140013","targetHints":{"allow":["GET"]}}],"collection":[{"href":"https:\/\/www.caririemacao.com\/1\/wp-json\/wp\/v2\/posts"}],"about":[{"href":"https:\/\/www.caririemacao.com\/1\/wp-json\/wp\/v2\/types\/post"}],"author":[{"embeddable":true,"href":"https:\/\/www.caririemacao.com\/1\/wp-json\/wp\/v2\/users\/1"}],"replies":[{"embeddable":true,"href":"https:\/\/www.caririemacao.com\/1\/wp-json\/wp\/v2\/comments?post=140013"}],"version-history":[{"count":1,"href":"https:\/\/www.caririemacao.com\/1\/wp-json\/wp\/v2\/posts\/140013\/revisions"}],"predecessor-version":[{"id":140014,"href":"https:\/\/www.caririemacao.com\/1\/wp-json\/wp\/v2\/posts\/140013\/revisions\/140014"}],"wp:featuredmedia":[{"embeddable":true,"href":"https:\/\/www.caririemacao.com\/1\/wp-json\/wp\/v2\/media\/105390"}],"wp:attachment":[{"href":"https:\/\/www.caririemacao.com\/1\/wp-json\/wp\/v2\/media?parent=140013"}],"wp:term":[{"taxonomy":"category","embeddable":true,"href":"https:\/\/www.caririemacao.com\/1\/wp-json\/wp\/v2\/categories?post=140013"},{"taxonomy":"post_tag","embeddable":true,"href":"https:\/\/www.caririemacao.com\/1\/wp-json\/wp\/v2\/tags?post=140013"}],"curies":[{"name":"wp","href":"https:\/\/api.w.org\/{rel}","templated":true}]}}