{"id":140026,"date":"2019-12-08T15:43:20","date_gmt":"2019-12-08T18:43:20","guid":{"rendered":"http:\/\/www.caririemacao.com\/1\/?p=140026"},"modified":"2019-12-08T15:43:20","modified_gmt":"2019-12-08T18:43:20","slug":"prefeito-inacio-nobrega-recebeu-trofeu-do-premio-referencia-2019","status":"publish","type":"post","link":"https:\/\/www.caririemacao.com\/1\/2019\/12\/08\/prefeito-inacio-nobrega-recebeu-trofeu-do-premio-referencia-2019\/","title":{"rendered":"Prefeito In\u00e1cio N\u00f3brega recebeu trof\u00e9u do Pr\u00eamio Refer\u00eancia 2019"},"content":{"rendered":"\n<p>O Prefeito In\u00e1cio N\u00f3brega esteve na noite deste s\u00e1bado (07) participando da cerim\u00f4nia de entrega do Pr\u00eamio Refer\u00eancia 2019, evento organizado pelo Portal de Not\u00edcias Cariri em A\u00e7\u00e3o.<br><\/p>\n\n\n\n<p>O evento foi realizado no Clube Municipal de Monteiro, e contou com a participa\u00e7\u00e3o de pol\u00edticos, comerciantes, profissionais p\u00fablicos e empreendedores de toda a regi\u00e3o do Cariri Paraibano e tamb\u00e9m do Paje\u00fa do Pernambuco.<br><\/p>\n\n\n\n<p>O Prefeito agradeceu o reconhecimento dos Amparenses pela \u00f3tima aprova\u00e7\u00e3o nas pesquisas realizadas pelo site.<br><\/p>\n\n\n\n<p>Amparo Ligado<\/p>\n\n\n\n<p>Foto: Cariri em A\u00e7\u00e3o <\/p>\n","protected":false},"excerpt":{"rendered":"<p>O Prefeito In\u00e1cio N\u00f3brega esteve na noite deste s\u00e1bado (07) participando da cerim\u00f4nia de entrega do Pr\u00eamio Refer\u00eancia 2019, evento organizado pelo Portal de Not\u00edcias&hellip; <\/p>\n","protected":false},"author":1,"featured_media":140027,"comment_status":"closed","ping_status":"closed","sticky":false,"template":"","format":"standard","meta":{"sfsi_plus_gutenberg_text_before_share":"","sfsi_plus_gutenberg_show_text_before_share":"","sfsi_plus_gutenberg_icon_type":"","sfsi_plus_gutenberg_icon_alignemt":"","sfsi_plus_gutenburg_max_per_row":"","footnotes":""},"categories":[6,50],"tags":[],"class_list":["post-140026","post","type-post","status-publish","format-standard","has-post-thumbnail","hentry","category-cidades","category-destaque"],"_links":{"self":[{"href":"https:\/\/www.caririemacao.com\/1\/wp-json\/wp\/v2\/posts\/140026","targetHints":{"allow":["GET"]}}],"collection":[{"href":"https:\/\/www.caririemacao.com\/1\/wp-json\/wp\/v2\/posts"}],"about":[{"href":"https:\/\/www.caririemacao.com\/1\/wp-json\/wp\/v2\/types\/post"}],"author":[{"embeddable":true,"href":"https:\/\/www.caririemacao.com\/1\/wp-json\/wp\/v2\/users\/1"}],"replies":[{"embeddable":true,"href":"https:\/\/www.caririemacao.com\/1\/wp-json\/wp\/v2\/comments?post=140026"}],"version-history":[{"count":1,"href":"https:\/\/www.caririemacao.com\/1\/wp-json\/wp\/v2\/posts\/140026\/revisions"}],"predecessor-version":[{"id":140028,"href":"https:\/\/www.caririemacao.com\/1\/wp-json\/wp\/v2\/posts\/140026\/revisions\/140028"}],"wp:featuredmedia":[{"embeddable":true,"href":"https:\/\/www.caririemacao.com\/1\/wp-json\/wp\/v2\/media\/140027"}],"wp:attachment":[{"href":"https:\/\/www.caririemacao.com\/1\/wp-json\/wp\/v2\/media?parent=140026"}],"wp:term":[{"taxonomy":"category","embeddable":true,"href":"https:\/\/www.caririemacao.com\/1\/wp-json\/wp\/v2\/categories?post=140026"},{"taxonomy":"post_tag","embeddable":true,"href":"https:\/\/www.caririemacao.com\/1\/wp-json\/wp\/v2\/tags?post=140026"}],"curies":[{"name":"wp","href":"https:\/\/api.w.org\/{rel}","templated":true}]}}