{"id":140030,"date":"2019-12-08T15:45:10","date_gmt":"2019-12-08T18:45:10","guid":{"rendered":"http:\/\/www.caririemacao.com\/1\/?p=140030"},"modified":"2019-12-08T15:45:10","modified_gmt":"2019-12-08T18:45:10","slug":"vereadores-de-amparo-receberam-trofeu-do-premio-referencia-2019","status":"publish","type":"post","link":"https:\/\/www.caririemacao.com\/1\/2019\/12\/08\/vereadores-de-amparo-receberam-trofeu-do-premio-referencia-2019\/","title":{"rendered":"Vereadores de Amparo receberam trof\u00e9u do Pr\u00eamio Refer\u00eancia 2019"},"content":{"rendered":"\n<p>Os 3 vereadores de Amparo mais bem avaliados de acordo com pesquisa realizada pelo Portal de Noticias Cariri em a\u00e7\u00e3o estiveram participando da cerim\u00f4nia de entrega do Pr\u00eamios Refer\u00eancia 2019 realizado pelo pr\u00f3prio portal que realizou a pesquisa.<br><\/p>\n\n\n\n<p>C\u00edcero Maciel, Nelson Brito e Maria Pedrosa foram os vereadores mais bem avaliados, ficando em 1\u00ba, 2\u00ba e 3\u00ba respectivamente.<br><\/p>\n\n\n\n<p>O evento foi realizado no Clube Municipal de Monteiro, e contou com a participa\u00e7\u00e3o de pol\u00edticos, comerciantes, profissionais p\u00fablicos e empreendedores de toda a regi\u00e3o do Cariri Paraibano e tamb\u00e9m do Paje\u00fa do Pernambuco.<\/p>\n\n\n\n<p><\/p>\n\n\n\n<figure class=\"wp-block-image\"><a href=\"https:\/\/1.bp.blogspot.com\/-5wdvSE8wLOc\/Xe05KmFSbvI\/AAAAAAABGmc\/3-wjHrCmp9QyuFlXt7_5pXCp45YBR_H6gCLcBGAsYHQ\/s1600\/79334843_1737259439743405_7048981307803566080_o.jpg\"><img decoding=\"async\" data-src=\"https:\/\/1.bp.blogspot.com\/-5wdvSE8wLOc\/Xe05KmFSbvI\/AAAAAAABGmc\/3-wjHrCmp9QyuFlXt7_5pXCp45YBR_H6gCLcBGAsYHQ\/s640\/79334843_1737259439743405_7048981307803566080_o.jpg\" alt=\"\" src=\"data:image\/svg+xml;base64,PHN2ZyB3aWR0aD0iMSIgaGVpZ2h0PSIxIiB4bWxucz0iaHR0cDovL3d3dy53My5vcmcvMjAwMC9zdmciPjwvc3ZnPg==\" class=\"lazyload\" \/><\/a><\/figure>\n\n\n\n<figure class=\"wp-block-image\"><a href=\"https:\/\/1.bp.blogspot.com\/-JQsriQPlj6c\/Xe05KVT6yOI\/AAAAAAABGmY\/EkCKuyCqIcw0L9c62U2kB8satMBVCBTuQCLcBGAsYHQ\/s1600\/78557677_1737258019743547_4999645715580846080_o.jpg\"><img decoding=\"async\" data-src=\"https:\/\/1.bp.blogspot.com\/-JQsriQPlj6c\/Xe05KVT6yOI\/AAAAAAABGmY\/EkCKuyCqIcw0L9c62U2kB8satMBVCBTuQCLcBGAsYHQ\/s640\/78557677_1737258019743547_4999645715580846080_o.jpg\" alt=\"\" src=\"data:image\/svg+xml;base64,PHN2ZyB3aWR0aD0iMSIgaGVpZ2h0PSIxIiB4bWxucz0iaHR0cDovL3d3dy53My5vcmcvMjAwMC9zdmciPjwvc3ZnPg==\" class=\"lazyload\" \/><\/a><\/figure>\n\n\n\n<p>Amparo Ligado<\/p>\n\n\n\n<p>Fotos: Cariri em A\u00e7\u00e3o <\/p>\n","protected":false},"excerpt":{"rendered":"<p>Os 3 vereadores de Amparo mais bem avaliados de acordo com pesquisa realizada pelo Portal de Noticias Cariri em a\u00e7\u00e3o estiveram participando da cerim\u00f4nia de&hellip; <\/p>\n","protected":false},"author":1,"featured_media":140031,"comment_status":"closed","ping_status":"closed","sticky":false,"template":"","format":"standard","meta":{"sfsi_plus_gutenberg_text_before_share":"","sfsi_plus_gutenberg_show_text_before_share":"","sfsi_plus_gutenberg_icon_type":"","sfsi_plus_gutenberg_icon_alignemt":"","sfsi_plus_gutenburg_max_per_row":"","footnotes":""},"categories":[2],"tags":[],"class_list":["post-140030","post","type-post","status-publish","format-standard","has-post-thumbnail","hentry","category-geral"],"_links":{"self":[{"href":"https:\/\/www.caririemacao.com\/1\/wp-json\/wp\/v2\/posts\/140030","targetHints":{"allow":["GET"]}}],"collection":[{"href":"https:\/\/www.caririemacao.com\/1\/wp-json\/wp\/v2\/posts"}],"about":[{"href":"https:\/\/www.caririemacao.com\/1\/wp-json\/wp\/v2\/types\/post"}],"author":[{"embeddable":true,"href":"https:\/\/www.caririemacao.com\/1\/wp-json\/wp\/v2\/users\/1"}],"replies":[{"embeddable":true,"href":"https:\/\/www.caririemacao.com\/1\/wp-json\/wp\/v2\/comments?post=140030"}],"version-history":[{"count":1,"href":"https:\/\/www.caririemacao.com\/1\/wp-json\/wp\/v2\/posts\/140030\/revisions"}],"predecessor-version":[{"id":140032,"href":"https:\/\/www.caririemacao.com\/1\/wp-json\/wp\/v2\/posts\/140030\/revisions\/140032"}],"wp:featuredmedia":[{"embeddable":true,"href":"https:\/\/www.caririemacao.com\/1\/wp-json\/wp\/v2\/media\/140031"}],"wp:attachment":[{"href":"https:\/\/www.caririemacao.com\/1\/wp-json\/wp\/v2\/media?parent=140030"}],"wp:term":[{"taxonomy":"category","embeddable":true,"href":"https:\/\/www.caririemacao.com\/1\/wp-json\/wp\/v2\/categories?post=140030"},{"taxonomy":"post_tag","embeddable":true,"href":"https:\/\/www.caririemacao.com\/1\/wp-json\/wp\/v2\/tags?post=140030"}],"curies":[{"name":"wp","href":"https:\/\/api.w.org\/{rel}","templated":true}]}}