{"id":140054,"date":"2019-12-09T08:46:55","date_gmt":"2019-12-09T11:46:55","guid":{"rendered":"http:\/\/www.caririemacao.com\/1\/?p=140054"},"modified":"2019-12-09T08:46:55","modified_gmt":"2019-12-09T11:46:55","slug":"rede-mais-farma-recebe-premio-referencia-2019","status":"publish","type":"post","link":"https:\/\/www.caririemacao.com\/1\/2019\/12\/09\/rede-mais-farma-recebe-premio-referencia-2019\/","title":{"rendered":"Rede Mais Farma recebe PR\u00caMIO REFER\u00caNCIA 2019"},"content":{"rendered":"\n<p>A Rede Mais Farma, que atua em Monteiro com as farm\u00e1cias DIA e NOITE e FARM\u00c1CIA NOVA, recebeu na noite do \u00faltimo S\u00e1bado o concorrido PREMIO REFER\u00caNCIA em sua edi\u00e7\u00e3o 2019.<\/p>\n\n\n\n<p><br>Sob o comando dos empres\u00e1rios H\u00e9lio e Patr\u00edcia, a Rede Mais Farma, atua com destaque no ramo empresarial e tamb\u00e9m com diversas a\u00e7\u00f5es sociais, al\u00e9m da cidade de Monteiro, em Zabel\u00ea, SS do Umbuzeiro e Sert\u00e2nia, onde tamb\u00e9m foi destacada pela vota\u00e7\u00e3o na pesquisa popular.<\/p>\n\n\n\n<p><br>Na cidade pernambucana, o casal tamb\u00e9m coordena uma outra grande franquia, a Farm\u00e1cia ULTRAPOPULAR,\u00a0\u00a0que tem como slogan ser &#8220;a farm\u00e1cia mais barata do Brasil&#8221;.<\/p>\n\n\n\n<p><br>O casal de empres\u00e1rios H\u00e9lio e Patr\u00edcia tem sido destaque constantemente pelo trabalho realizado em Monteiro, que \u00e9 consolidado e constantemente reconhecido atrav\u00e9s da opini\u00e3o popular.<\/p>\n\n\n\n<p><br><strong>F\u00c1BIO BRITO<\/strong><\/p>\n","protected":false},"excerpt":{"rendered":"<p>A Rede Mais Farma, que atua em Monteiro com as farm\u00e1cias DIA e NOITE e FARM\u00c1CIA NOVA, recebeu na noite do \u00faltimo S\u00e1bado o concorrido&hellip; <\/p>\n","protected":false},"author":1,"featured_media":140055,"comment_status":"closed","ping_status":"closed","sticky":false,"template":"","format":"standard","meta":{"sfsi_plus_gutenberg_text_before_share":"","sfsi_plus_gutenberg_show_text_before_share":"","sfsi_plus_gutenberg_icon_type":"","sfsi_plus_gutenberg_icon_alignemt":"","sfsi_plus_gutenburg_max_per_row":"","footnotes":""},"categories":[2],"tags":[],"class_list":["post-140054","post","type-post","status-publish","format-standard","has-post-thumbnail","hentry","category-geral"],"_links":{"self":[{"href":"https:\/\/www.caririemacao.com\/1\/wp-json\/wp\/v2\/posts\/140054","targetHints":{"allow":["GET"]}}],"collection":[{"href":"https:\/\/www.caririemacao.com\/1\/wp-json\/wp\/v2\/posts"}],"about":[{"href":"https:\/\/www.caririemacao.com\/1\/wp-json\/wp\/v2\/types\/post"}],"author":[{"embeddable":true,"href":"https:\/\/www.caririemacao.com\/1\/wp-json\/wp\/v2\/users\/1"}],"replies":[{"embeddable":true,"href":"https:\/\/www.caririemacao.com\/1\/wp-json\/wp\/v2\/comments?post=140054"}],"version-history":[{"count":1,"href":"https:\/\/www.caririemacao.com\/1\/wp-json\/wp\/v2\/posts\/140054\/revisions"}],"predecessor-version":[{"id":140056,"href":"https:\/\/www.caririemacao.com\/1\/wp-json\/wp\/v2\/posts\/140054\/revisions\/140056"}],"wp:featuredmedia":[{"embeddable":true,"href":"https:\/\/www.caririemacao.com\/1\/wp-json\/wp\/v2\/media\/140055"}],"wp:attachment":[{"href":"https:\/\/www.caririemacao.com\/1\/wp-json\/wp\/v2\/media?parent=140054"}],"wp:term":[{"taxonomy":"category","embeddable":true,"href":"https:\/\/www.caririemacao.com\/1\/wp-json\/wp\/v2\/categories?post=140054"},{"taxonomy":"post_tag","embeddable":true,"href":"https:\/\/www.caririemacao.com\/1\/wp-json\/wp\/v2\/tags?post=140054"}],"curies":[{"name":"wp","href":"https:\/\/api.w.org\/{rel}","templated":true}]}}