{"id":140062,"date":"2019-12-09T08:54:29","date_gmt":"2019-12-09T11:54:29","guid":{"rendered":"http:\/\/www.caririemacao.com\/1\/?p=140062"},"modified":"2019-12-09T08:54:29","modified_gmt":"2019-12-09T11:54:29","slug":"prefeito-e-vice-de-camalau-sao-homenageados-com-premio-referencia-2019","status":"publish","type":"post","link":"https:\/\/www.caririemacao.com\/1\/2019\/12\/09\/prefeito-e-vice-de-camalau-sao-homenageados-com-premio-referencia-2019\/","title":{"rendered":"Prefeito e vice de Camala\u00fa s\u00e3o homenageados com PR\u00caMIO REFER\u00caNCIA 2019"},"content":{"rendered":"\n<p>O prefeito de Camala\u00fa Sandro M\u00f4co, e o vice prefeito Kiel foram homenageados na noite deste s\u00e1bado, com o PR\u00caMIO REFER\u00caNCIA 2019.<br>Promovido pelo PORTAL CARIRI EM A\u00c7\u00c3O, o pr\u00eamio \u00e9 hoje um dos maiores de toda a Para\u00edba e reconhece atrav\u00e9s de vota\u00e7\u00e3o popular, a atua\u00e7\u00e3o de empresas, profissionais e agentes p\u00fablicos que se destacaram em suas \u00e1reas, como um verdadeiro incentivo ao seu trabalho.<br><\/p>\n\n\n\n<p>O vice prefeito Kiel representou o gestor Sandro, que n\u00e3o compareceu por motivos de sa\u00fade. Kiel tamb\u00e9m foi eleito professor refer\u00eancia no munic\u00edpio.<br>Ainda foram premiados, os vereadores Bhira Mariano, C\u00e9lio M\u00f4co e Bezerr\u00e3o, al\u00e9m do secret\u00e1rio refer\u00eancia N\u00eago M\u00f4co.<br><\/p>\n\n\n\n<p><strong>F\u00c1BIO BRITO<\/strong><br><\/p>\n","protected":false},"excerpt":{"rendered":"<p>O prefeito de Camala\u00fa Sandro M\u00f4co, e o vice prefeito Kiel foram homenageados na noite deste s\u00e1bado, com o PR\u00caMIO REFER\u00caNCIA 2019.Promovido pelo PORTAL CARIRI&hellip; <\/p>\n","protected":false},"author":1,"featured_media":140063,"comment_status":"closed","ping_status":"closed","sticky":false,"template":"","format":"standard","meta":{"sfsi_plus_gutenberg_text_before_share":"","sfsi_plus_gutenberg_show_text_before_share":"","sfsi_plus_gutenberg_icon_type":"","sfsi_plus_gutenberg_icon_alignemt":"","sfsi_plus_gutenburg_max_per_row":"","footnotes":""},"categories":[6],"tags":[],"class_list":["post-140062","post","type-post","status-publish","format-standard","has-post-thumbnail","hentry","category-cidades"],"_links":{"self":[{"href":"https:\/\/www.caririemacao.com\/1\/wp-json\/wp\/v2\/posts\/140062","targetHints":{"allow":["GET"]}}],"collection":[{"href":"https:\/\/www.caririemacao.com\/1\/wp-json\/wp\/v2\/posts"}],"about":[{"href":"https:\/\/www.caririemacao.com\/1\/wp-json\/wp\/v2\/types\/post"}],"author":[{"embeddable":true,"href":"https:\/\/www.caririemacao.com\/1\/wp-json\/wp\/v2\/users\/1"}],"replies":[{"embeddable":true,"href":"https:\/\/www.caririemacao.com\/1\/wp-json\/wp\/v2\/comments?post=140062"}],"version-history":[{"count":1,"href":"https:\/\/www.caririemacao.com\/1\/wp-json\/wp\/v2\/posts\/140062\/revisions"}],"predecessor-version":[{"id":140064,"href":"https:\/\/www.caririemacao.com\/1\/wp-json\/wp\/v2\/posts\/140062\/revisions\/140064"}],"wp:featuredmedia":[{"embeddable":true,"href":"https:\/\/www.caririemacao.com\/1\/wp-json\/wp\/v2\/media\/140063"}],"wp:attachment":[{"href":"https:\/\/www.caririemacao.com\/1\/wp-json\/wp\/v2\/media?parent=140062"}],"wp:term":[{"taxonomy":"category","embeddable":true,"href":"https:\/\/www.caririemacao.com\/1\/wp-json\/wp\/v2\/categories?post=140062"},{"taxonomy":"post_tag","embeddable":true,"href":"https:\/\/www.caririemacao.com\/1\/wp-json\/wp\/v2\/tags?post=140062"}],"curies":[{"name":"wp","href":"https:\/\/api.w.org\/{rel}","templated":true}]}}