{"id":140071,"date":"2019-12-09T08:57:19","date_gmt":"2019-12-09T11:57:19","guid":{"rendered":"http:\/\/www.caririemacao.com\/1\/?p=140071"},"modified":"2019-12-09T08:57:19","modified_gmt":"2019-12-09T11:57:19","slug":"premio-referencia-prefeito-e-vice-de-sao-sebastiao-do-umbuzeiro-sao-homenageados","status":"publish","type":"post","link":"https:\/\/www.caririemacao.com\/1\/2019\/12\/09\/premio-referencia-prefeito-e-vice-de-sao-sebastiao-do-umbuzeiro-sao-homenageados\/","title":{"rendered":"PR\u00caMIO REFER\u00caNCIA: Prefeito e vice de S\u00e3o Sebasti\u00e3o do Umbuzeiro s\u00e3o homenageados"},"content":{"rendered":"\n<figure class=\"wp-block-image\"><img decoding=\"async\" data-src=\"https:\/\/1.bp.blogspot.com\/-ua6W9VWr0Ew\/Xe1uLDeZoGI\/AAAAAAAAlu8\/pVMlSV9X6DIwJmQmeHlIzczKcRD2RGeygCLcBGAsYHQ\/s400\/0007.jpg\" alt=\"0007\" src=\"data:image\/svg+xml;base64,PHN2ZyB3aWR0aD0iMSIgaGVpZ2h0PSIxIiB4bWxucz0iaHR0cDovL3d3dy53My5vcmcvMjAwMC9zdmciPjwvc3ZnPg==\" class=\"lazyload\" \/><\/figure>\n\n\n\n<p>O Prefeito Adriano Wolff e o vice-prefeito Chico Mariano, de S\u00e3o Sebasti\u00e3o do Umbuzeiro, foram homenageados neste s\u00e1bado (07), como Refer\u00eancia 2019 na regi\u00e3o do Cariri. A entrega do Pr\u00eamio Refer\u00eancia 2019 ocorreu na cidade de Monteiro e reuniu pol\u00edticos, empres\u00e1rios e sociedade civil durante solenidade.<br><\/p>\n\n\n\n<p>Acompanhado da primeira-dama Melina Morena, o Prefeito Adriano recebeu o pr\u00eamio e destacou que est\u00e1 homenagem \u00e9 fruto de uma gest\u00e3o de trabalho e responsabilidade, compromissada com a popula\u00e7\u00e3o do munic\u00edpio.<br><\/p>\n\n\n\n<p>Adriano Wolff ainda aproveitou a oportunidade para parabenizar o vice-prefeito pelo pr\u00eamio, al\u00e9m de vereadores e empres\u00e1rios de S\u00e3o Sebasti\u00e3o do Umbuzeiro que tamb\u00e9m foram homenageados no evento. <\/p>\n","protected":false},"excerpt":{"rendered":"<p>O Prefeito Adriano Wolff e o vice-prefeito Chico Mariano, de S\u00e3o Sebasti\u00e3o do Umbuzeiro, foram homenageados neste s\u00e1bado (07), como Refer\u00eancia 2019 na regi\u00e3o do&hellip; <\/p>\n","protected":false},"author":1,"featured_media":140072,"comment_status":"closed","ping_status":"closed","sticky":false,"template":"","format":"standard","meta":{"sfsi_plus_gutenberg_text_before_share":"","sfsi_plus_gutenberg_show_text_before_share":"","sfsi_plus_gutenberg_icon_type":"","sfsi_plus_gutenberg_icon_alignemt":"","sfsi_plus_gutenburg_max_per_row":"","footnotes":""},"categories":[6],"tags":[],"class_list":["post-140071","post","type-post","status-publish","format-standard","has-post-thumbnail","hentry","category-cidades"],"_links":{"self":[{"href":"https:\/\/www.caririemacao.com\/1\/wp-json\/wp\/v2\/posts\/140071","targetHints":{"allow":["GET"]}}],"collection":[{"href":"https:\/\/www.caririemacao.com\/1\/wp-json\/wp\/v2\/posts"}],"about":[{"href":"https:\/\/www.caririemacao.com\/1\/wp-json\/wp\/v2\/types\/post"}],"author":[{"embeddable":true,"href":"https:\/\/www.caririemacao.com\/1\/wp-json\/wp\/v2\/users\/1"}],"replies":[{"embeddable":true,"href":"https:\/\/www.caririemacao.com\/1\/wp-json\/wp\/v2\/comments?post=140071"}],"version-history":[{"count":1,"href":"https:\/\/www.caririemacao.com\/1\/wp-json\/wp\/v2\/posts\/140071\/revisions"}],"predecessor-version":[{"id":140073,"href":"https:\/\/www.caririemacao.com\/1\/wp-json\/wp\/v2\/posts\/140071\/revisions\/140073"}],"wp:featuredmedia":[{"embeddable":true,"href":"https:\/\/www.caririemacao.com\/1\/wp-json\/wp\/v2\/media\/140072"}],"wp:attachment":[{"href":"https:\/\/www.caririemacao.com\/1\/wp-json\/wp\/v2\/media?parent=140071"}],"wp:term":[{"taxonomy":"category","embeddable":true,"href":"https:\/\/www.caririemacao.com\/1\/wp-json\/wp\/v2\/categories?post=140071"},{"taxonomy":"post_tag","embeddable":true,"href":"https:\/\/www.caririemacao.com\/1\/wp-json\/wp\/v2\/tags?post=140071"}],"curies":[{"name":"wp","href":"https:\/\/api.w.org\/{rel}","templated":true}]}}