{"id":140075,"date":"2019-12-09T09:09:20","date_gmt":"2019-12-09T12:09:20","guid":{"rendered":"http:\/\/www.caririemacao.com\/1\/?p=140075"},"modified":"2019-12-09T09:09:20","modified_gmt":"2019-12-09T12:09:20","slug":"acude-de-pocoes-atinge-nivel-e-aguas-da-transposicao-seguem-para-o-acude-de-camalau","status":"publish","type":"post","link":"https:\/\/www.caririemacao.com\/1\/2019\/12\/09\/acude-de-pocoes-atinge-nivel-e-aguas-da-transposicao-seguem-para-o-acude-de-camalau\/","title":{"rendered":"A\u00e7ude de Po\u00e7\u00f5es atinge n\u00edvel e \u00e1guas da Transposi\u00e7\u00e3o seguem para o a\u00e7ude de Camala\u00fa"},"content":{"rendered":"\n<p>O reservat\u00f3rio de Po\u00e7\u00f5es, em Monteiro, atingiu neste domingo (08) o n\u00edvel das comportas que escoaram as \u00e1guas da Transposi\u00e7\u00e3o do Rio S\u00e3o Francisco para o A\u00e7ude de Camala\u00fa. Po\u00e7\u00f5es \u00e9 o segundo a\u00e7ude na Para\u00edba beneficiado com \u00e1s \u00e1guas.<\/p>\n\n\n\n<p>O a\u00e7ude de Camala\u00fa \u00e9 o terceiro reservat\u00f3rio no caminho das \u00e1guas ap\u00f3s a chegada em&nbsp;Monteiro, na Para\u00edba.<\/p>\n\n\n\n<p>As \u00e1guas do Rio S\u00e3o Francisco seguem pelo leito do Rio Para\u00edba para o A\u00e7ude Z\u00e9 Tourinho, em Camala\u00fa, a\u00e7ude esse que se encontra em n\u00edvel cr\u00edtico. O a\u00e7ude de&nbsp;Camala\u00fa tem capacidade para armazenar 48.107.240 m\u00b3 de \u00e1gua.<\/p>\n\n\n\n<div class=\"wp-block-image\"><figure class=\"aligncenter\"><img decoding=\"async\" data-src=\"http:\/\/deolhonocariri.com.br\/wp-content\/uploads\/2019\/12\/78430413_2587183451369313_4156175247441133568_n.jpg\" alt=\"\" class=\"wp-image-74948 lazyload\" src=\"data:image\/svg+xml;base64,PHN2ZyB3aWR0aD0iMSIgaGVpZ2h0PSIxIiB4bWxucz0iaHR0cDovL3d3dy53My5vcmcvMjAwMC9zdmciPjwvc3ZnPg==\" \/><\/figure><\/div>\n\n\n\n<p>Segundo a Ag\u00eancia Executiva de Gest\u00e3o das \u00c1guas da Para\u00edba (Aesa), as \u00e1guas da Transposi\u00e7\u00e3o do Rio S\u00e3o Francisco devem chegar ao a\u00e7ude Epit\u00e1cio Pessoa, em Boqueir\u00e3o, na primeira quinzena de Janeiro de 2020.<\/p>\n\n\n\n<p><em>Fotos: Caj\u00f3 Menezes<\/em><\/p>\n\n\n\n<p>De Olho no Cariri<\/p>\n","protected":false},"excerpt":{"rendered":"<p>O reservat\u00f3rio de Po\u00e7\u00f5es, em Monteiro, atingiu neste domingo (08) o n\u00edvel das comportas que escoaram as \u00e1guas da Transposi\u00e7\u00e3o do Rio S\u00e3o Francisco para&hellip; <\/p>\n","protected":false},"author":1,"featured_media":140076,"comment_status":"closed","ping_status":"closed","sticky":false,"template":"","format":"standard","meta":{"sfsi_plus_gutenberg_text_before_share":"","sfsi_plus_gutenberg_show_text_before_share":"","sfsi_plus_gutenberg_icon_type":"","sfsi_plus_gutenberg_icon_alignemt":"","sfsi_plus_gutenburg_max_per_row":"","footnotes":""},"categories":[50,2],"tags":[],"class_list":["post-140075","post","type-post","status-publish","format-standard","has-post-thumbnail","hentry","category-destaque","category-geral"],"_links":{"self":[{"href":"https:\/\/www.caririemacao.com\/1\/wp-json\/wp\/v2\/posts\/140075","targetHints":{"allow":["GET"]}}],"collection":[{"href":"https:\/\/www.caririemacao.com\/1\/wp-json\/wp\/v2\/posts"}],"about":[{"href":"https:\/\/www.caririemacao.com\/1\/wp-json\/wp\/v2\/types\/post"}],"author":[{"embeddable":true,"href":"https:\/\/www.caririemacao.com\/1\/wp-json\/wp\/v2\/users\/1"}],"replies":[{"embeddable":true,"href":"https:\/\/www.caririemacao.com\/1\/wp-json\/wp\/v2\/comments?post=140075"}],"version-history":[{"count":1,"href":"https:\/\/www.caririemacao.com\/1\/wp-json\/wp\/v2\/posts\/140075\/revisions"}],"predecessor-version":[{"id":140077,"href":"https:\/\/www.caririemacao.com\/1\/wp-json\/wp\/v2\/posts\/140075\/revisions\/140077"}],"wp:featuredmedia":[{"embeddable":true,"href":"https:\/\/www.caririemacao.com\/1\/wp-json\/wp\/v2\/media\/140076"}],"wp:attachment":[{"href":"https:\/\/www.caririemacao.com\/1\/wp-json\/wp\/v2\/media?parent=140075"}],"wp:term":[{"taxonomy":"category","embeddable":true,"href":"https:\/\/www.caririemacao.com\/1\/wp-json\/wp\/v2\/categories?post=140075"},{"taxonomy":"post_tag","embeddable":true,"href":"https:\/\/www.caririemacao.com\/1\/wp-json\/wp\/v2\/tags?post=140075"}],"curies":[{"name":"wp","href":"https:\/\/api.w.org\/{rel}","templated":true}]}}