{"id":140079,"date":"2019-12-09T09:13:06","date_gmt":"2019-12-09T12:13:06","guid":{"rendered":"http:\/\/www.caririemacao.com\/1\/?p=140079"},"modified":"2019-12-09T09:13:06","modified_gmt":"2019-12-09T12:13:06","slug":"motociclista-morre-em-acidente-apos-colidir-contra-cavalo-em-juazeirinho","status":"publish","type":"post","link":"https:\/\/www.caririemacao.com\/1\/2019\/12\/09\/motociclista-morre-em-acidente-apos-colidir-contra-cavalo-em-juazeirinho\/","title":{"rendered":"Motociclista morre em acidente ap\u00f3s colidir contra cavalo em Juazeirinho"},"content":{"rendered":"\n<p>Um grave acidente com vitima fatal foi registrado na madrugada deste \u00faltimo s\u00e1bado(07), em Juazeirinho na BR-230 de frente ao SAMU local, sa\u00edda para o Sert\u00e3o paraibano.<\/p>\n\n\n\n<p>Segundo informa\u00e7\u00f5es, uma motocicleta bateu em um cavalo que estava na pista, matando o motoqueiro, bem como o animal.<\/p>\n\n\n\n<p>A equipe do SAMU informou que pela manh\u00e3 foi acionada para atender uma ocorr\u00eancia, onde um motoqueiro colidiu fortemente com um cavalo.<\/p>\n\n\n\n<p>Os socorristas chegaram rapidamente, mas devido ter sido de frente a batida e visto a gravidade do paciente, a equipe fez o protocolo de trauma e todos os procedimentos cab\u00edveis, chegando a solicitar o apoio da equipe do SAMU avan\u00e7ado que, de pronto, veio ao encontro da equipe de Juazeirinho.<\/p>\n\n\n\n<p>Por\u00e9m infelizmente, mesmo com as duas equipes fazendo todo o poss\u00edvel para salvar a vida do motoqueiro, ele veio a \u00f3bito, conforme relatos do coordenador do SAMU juazeirinhense, Paulo Ricardo.<\/p>\n\n\n\n<p>O corpo da v\u00edtima, identificada como sendo um prestanista do Rio Grande do Norte, ficou no necrot\u00e9rio do hospital de Juazeirinho, aguardando a chegada do rabec\u00e3o (Gemol), para lev\u00e1-lo ao Instituto de Pol\u00edcia Cient\u00edfica (IPC), em Campina Grande, para necropsia.<\/p>\n\n\n\n<p>Informa\u00e7\u00f5es Heleno Lima<\/p>\n","protected":false},"excerpt":{"rendered":"<p>Um grave acidente com vitima fatal foi registrado na madrugada deste \u00faltimo s\u00e1bado(07), em Juazeirinho na BR-230 de frente ao SAMU local, sa\u00edda para o&hellip; <\/p>\n","protected":false},"author":1,"featured_media":140080,"comment_status":"closed","ping_status":"closed","sticky":false,"template":"","format":"standard","meta":{"sfsi_plus_gutenberg_text_before_share":"","sfsi_plus_gutenberg_show_text_before_share":"","sfsi_plus_gutenberg_icon_type":"","sfsi_plus_gutenberg_icon_alignemt":"","sfsi_plus_gutenburg_max_per_row":"","footnotes":""},"categories":[12],"tags":[],"class_list":["post-140079","post","type-post","status-publish","format-standard","has-post-thumbnail","hentry","category-policia"],"_links":{"self":[{"href":"https:\/\/www.caririemacao.com\/1\/wp-json\/wp\/v2\/posts\/140079","targetHints":{"allow":["GET"]}}],"collection":[{"href":"https:\/\/www.caririemacao.com\/1\/wp-json\/wp\/v2\/posts"}],"about":[{"href":"https:\/\/www.caririemacao.com\/1\/wp-json\/wp\/v2\/types\/post"}],"author":[{"embeddable":true,"href":"https:\/\/www.caririemacao.com\/1\/wp-json\/wp\/v2\/users\/1"}],"replies":[{"embeddable":true,"href":"https:\/\/www.caririemacao.com\/1\/wp-json\/wp\/v2\/comments?post=140079"}],"version-history":[{"count":1,"href":"https:\/\/www.caririemacao.com\/1\/wp-json\/wp\/v2\/posts\/140079\/revisions"}],"predecessor-version":[{"id":140081,"href":"https:\/\/www.caririemacao.com\/1\/wp-json\/wp\/v2\/posts\/140079\/revisions\/140081"}],"wp:featuredmedia":[{"embeddable":true,"href":"https:\/\/www.caririemacao.com\/1\/wp-json\/wp\/v2\/media\/140080"}],"wp:attachment":[{"href":"https:\/\/www.caririemacao.com\/1\/wp-json\/wp\/v2\/media?parent=140079"}],"wp:term":[{"taxonomy":"category","embeddable":true,"href":"https:\/\/www.caririemacao.com\/1\/wp-json\/wp\/v2\/categories?post=140079"},{"taxonomy":"post_tag","embeddable":true,"href":"https:\/\/www.caririemacao.com\/1\/wp-json\/wp\/v2\/tags?post=140079"}],"curies":[{"name":"wp","href":"https:\/\/api.w.org\/{rel}","templated":true}]}}