{"id":140083,"date":"2019-12-09T09:15:39","date_gmt":"2019-12-09T12:15:39","guid":{"rendered":"http:\/\/www.caririemacao.com\/1\/?p=140083"},"modified":"2019-12-09T09:15:39","modified_gmt":"2019-12-09T12:15:39","slug":"empresarios-tambem-confirmam-adesao-ao-grupo-do-prefeito-celio-em-sao-joao-do-tigre","status":"publish","type":"post","link":"https:\/\/www.caririemacao.com\/1\/2019\/12\/09\/empresarios-tambem-confirmam-adesao-ao-grupo-do-prefeito-celio-em-sao-joao-do-tigre\/","title":{"rendered":"Empres\u00e1rios tamb\u00e9m confirmam ades\u00e3o ao grupo do prefeito C\u00e9lio em S\u00e3o Jo\u00e3o do Tigre"},"content":{"rendered":"\n<p>\n\nO grupo pol\u00edtico do prefeito C\u00e9lio Barbosa tem recebidos ades\u00f5es e refor\u00e7os a cada dia.<br>Al\u00e9m do anuncio neste final de semana, da ades\u00e3o da ex candidata \u00e0 prefeita nas elei\u00e7\u00f5es de 2016, Sandra Freitas (PL Antigo PR), neste final de semana, o prefeito C\u00e9lio confirmou publicamente mais ades\u00f5es.<br>Estiveram ao lado do prefeito e sua comitiva, durante a entrega do pr\u00eamio REFER\u00caNCIA 2019 na cidade de Monteiro, o empres\u00e1rio Gilberson Marques, al\u00e9m da sua esposa M\u00f4nica Leonel, empres\u00e1ria do ramo de confec\u00e7\u00f5es agora tamb\u00e9m apoiando o projeto pol\u00edtico do grupo do prefeito C\u00e9lio.<br>\u201cH\u00e1 meses meu primo e sua esposa aderiram ao nosso grupo pol\u00edtico, vindo para somar junto com a ex candidata Sandra e outros mais que dever\u00e3o ser anunciados nos pr\u00f3ximos dias.\u201d, disse C\u00e9lio.<br>\u201cFico feliz inclusive por que s\u00e3o amigos, e tamb\u00e9m parentes que reconhecem o nosso trabalho, o trabalho que nosso grupo faz pelo bem de nossa cidade e no final das contas, somos todos uma grande fam\u00edlia do bem em nosso munic\u00edpio\u201d, completou C\u00e9lio Barbosa.\n\n<\/p>\n","protected":false},"excerpt":{"rendered":"<p>O grupo pol\u00edtico do prefeito C\u00e9lio Barbosa tem recebidos ades\u00f5es e refor\u00e7os a cada dia.Al\u00e9m do anuncio neste final de semana, da ades\u00e3o da ex&hellip; <\/p>\n","protected":false},"author":1,"featured_media":140084,"comment_status":"closed","ping_status":"closed","sticky":false,"template":"","format":"standard","meta":{"sfsi_plus_gutenberg_text_before_share":"","sfsi_plus_gutenberg_show_text_before_share":"","sfsi_plus_gutenberg_icon_type":"","sfsi_plus_gutenberg_icon_alignemt":"","sfsi_plus_gutenburg_max_per_row":"","footnotes":""},"categories":[6],"tags":[],"class_list":["post-140083","post","type-post","status-publish","format-standard","has-post-thumbnail","hentry","category-cidades"],"_links":{"self":[{"href":"https:\/\/www.caririemacao.com\/1\/wp-json\/wp\/v2\/posts\/140083","targetHints":{"allow":["GET"]}}],"collection":[{"href":"https:\/\/www.caririemacao.com\/1\/wp-json\/wp\/v2\/posts"}],"about":[{"href":"https:\/\/www.caririemacao.com\/1\/wp-json\/wp\/v2\/types\/post"}],"author":[{"embeddable":true,"href":"https:\/\/www.caririemacao.com\/1\/wp-json\/wp\/v2\/users\/1"}],"replies":[{"embeddable":true,"href":"https:\/\/www.caririemacao.com\/1\/wp-json\/wp\/v2\/comments?post=140083"}],"version-history":[{"count":1,"href":"https:\/\/www.caririemacao.com\/1\/wp-json\/wp\/v2\/posts\/140083\/revisions"}],"predecessor-version":[{"id":140085,"href":"https:\/\/www.caririemacao.com\/1\/wp-json\/wp\/v2\/posts\/140083\/revisions\/140085"}],"wp:featuredmedia":[{"embeddable":true,"href":"https:\/\/www.caririemacao.com\/1\/wp-json\/wp\/v2\/media\/140084"}],"wp:attachment":[{"href":"https:\/\/www.caririemacao.com\/1\/wp-json\/wp\/v2\/media?parent=140083"}],"wp:term":[{"taxonomy":"category","embeddable":true,"href":"https:\/\/www.caririemacao.com\/1\/wp-json\/wp\/v2\/categories?post=140083"},{"taxonomy":"post_tag","embeddable":true,"href":"https:\/\/www.caririemacao.com\/1\/wp-json\/wp\/v2\/tags?post=140083"}],"curies":[{"name":"wp","href":"https:\/\/api.w.org\/{rel}","templated":true}]}}