{"id":140089,"date":"2019-12-09T11:48:52","date_gmt":"2019-12-09T14:48:52","guid":{"rendered":"http:\/\/www.caririemacao.com\/1\/?p=140089"},"modified":"2019-12-09T11:48:52","modified_gmt":"2019-12-09T14:48:52","slug":"prazo-de-isencao-do-ipva-2020-para-agricultores-se-encerra-dia-31","status":"publish","type":"post","link":"https:\/\/www.caririemacao.com\/1\/2019\/12\/09\/prazo-de-isencao-do-ipva-2020-para-agricultores-se-encerra-dia-31\/","title":{"rendered":"Prazo de Isen\u00e7\u00e3o do IPVA 2020 para agricultores se encerra dia 31"},"content":{"rendered":"\n<p>O prazo para que agricultores e pescadores paraibanos possam requerer o benef\u00edcio de isen\u00e7\u00e3o do IPVA para 2020, encerra-se no pr\u00f3ximo dia 31 de dezembro.<\/p>\n\n\n\n<p>Para ter direito, o interessado dever\u00e1 requerer em qualquer reparti\u00e7\u00e3o fiscal do Estado (Coletorias).<\/p>\n\n\n\n<p>O benef\u00edcio vale para agricultores ou pescadores artesanais, que tenham motocicletas ou motonetas de at\u00e9 200 cilindradas, destinada ao uso exclusivo na atividade agr\u00edcola ou da pesca.<\/p>\n\n\n\n<p>Os interessados devem comprovar o exerc\u00edcio da atividade rural, como pequeno propriet\u00e1rio ou trabalhador, ou no caso da atividade pesqueira, como pescador artesanal, mediante os seguintes documentos:<\/p>\n\n\n\n<p>1) Declara\u00e7\u00e3o do Sindicato dos Trabalhadores Rurais ou da col\u00f4nia de pescadores, com firma reconhecida em cart\u00f3rio local, atestando o exerc\u00edcio da atividade;&nbsp; 2) c\u00f3pia do Registro Sindical do Sindicato dos Trabalhadores Rurais emitido pelo Minist\u00e9rio do Trabalho e Emprego (MTE); 3) c\u00f3pia das contribui\u00e7\u00f5es sindicais do exerc\u00edcio anterior e do exerc\u00edcio vigente; 4) declara\u00e7\u00e3o, sob as penas da lei, de que sua renda familiar anual n\u00e3o ultrapassa o dobro do valor do limite de isen\u00e7\u00e3o do Imposto de Renda.<br>Para mais informa\u00e7\u00f5es, os trabalhadores rurais podem procurar um posto do Detran.<\/p>\n\n\n\n<p>Em Sum\u00e9, os interessados podem procurar tamb\u00e9m a Casa da Cidadania para mais informa\u00e7\u00f5es. O benef\u00edcio de isen\u00e7\u00e3o se encontra na Lei Estadual n\u00b0 11.007, de 06 de novembro de 2017.<\/p>\n\n\n\n<p>Ascom PMS<\/p>\n","protected":false},"excerpt":{"rendered":"<p>O prazo para que agricultores e pescadores paraibanos possam requerer o benef\u00edcio de isen\u00e7\u00e3o do IPVA para 2020, encerra-se no pr\u00f3ximo dia 31 de dezembro.&hellip; <\/p>\n","protected":false},"author":1,"featured_media":6134,"comment_status":"closed","ping_status":"closed","sticky":false,"template":"","format":"standard","meta":{"sfsi_plus_gutenberg_text_before_share":"","sfsi_plus_gutenberg_show_text_before_share":"","sfsi_plus_gutenberg_icon_type":"","sfsi_plus_gutenberg_icon_alignemt":"","sfsi_plus_gutenburg_max_per_row":"","footnotes":""},"categories":[2],"tags":[],"class_list":["post-140089","post","type-post","status-publish","format-standard","has-post-thumbnail","hentry","category-geral"],"_links":{"self":[{"href":"https:\/\/www.caririemacao.com\/1\/wp-json\/wp\/v2\/posts\/140089","targetHints":{"allow":["GET"]}}],"collection":[{"href":"https:\/\/www.caririemacao.com\/1\/wp-json\/wp\/v2\/posts"}],"about":[{"href":"https:\/\/www.caririemacao.com\/1\/wp-json\/wp\/v2\/types\/post"}],"author":[{"embeddable":true,"href":"https:\/\/www.caririemacao.com\/1\/wp-json\/wp\/v2\/users\/1"}],"replies":[{"embeddable":true,"href":"https:\/\/www.caririemacao.com\/1\/wp-json\/wp\/v2\/comments?post=140089"}],"version-history":[{"count":1,"href":"https:\/\/www.caririemacao.com\/1\/wp-json\/wp\/v2\/posts\/140089\/revisions"}],"predecessor-version":[{"id":140100,"href":"https:\/\/www.caririemacao.com\/1\/wp-json\/wp\/v2\/posts\/140089\/revisions\/140100"}],"wp:featuredmedia":[{"embeddable":true,"href":"https:\/\/www.caririemacao.com\/1\/wp-json\/wp\/v2\/media\/6134"}],"wp:attachment":[{"href":"https:\/\/www.caririemacao.com\/1\/wp-json\/wp\/v2\/media?parent=140089"}],"wp:term":[{"taxonomy":"category","embeddable":true,"href":"https:\/\/www.caririemacao.com\/1\/wp-json\/wp\/v2\/categories?post=140089"},{"taxonomy":"post_tag","embeddable":true,"href":"https:\/\/www.caririemacao.com\/1\/wp-json\/wp\/v2\/tags?post=140089"}],"curies":[{"name":"wp","href":"https:\/\/api.w.org\/{rel}","templated":true}]}}