{"id":140090,"date":"2019-12-09T11:03:33","date_gmt":"2019-12-09T14:03:33","guid":{"rendered":"http:\/\/www.caririemacao.com\/1\/?p=140090"},"modified":"2019-12-09T11:15:28","modified_gmt":"2019-12-09T14:15:28","slug":"premio-referencia-se-consolida-com-o-maior-da-paraiba-veja-fotos","status":"publish","type":"post","link":"https:\/\/www.caririemacao.com\/1\/2019\/12\/09\/premio-referencia-se-consolida-com-o-maior-da-paraiba-veja-fotos\/","title":{"rendered":"PR\u00caMIO REFER\u00caNCIA se consolida com o maior da Para\u00edba; VEJA FOTOS"},"content":{"rendered":"\n<p>Foi realizado nesse \u00faltimo s\u00e1bado dia (07) a 7\u00b0 edi\u00e7\u00e3o do\nevento mais aguardado do ano, o PR\u00caMIO REFER\u00caNCIA 2019 que contou com a\nparticipa\u00e7\u00e3o de in\u00fameros convidados especiais.<\/p>\n\n\n\n<p>O mega evento ocorreu na cidade de Monteiro-PB, no clube\nmunicipal Alexandre da Silva Brito. Os homenageados que foram refer\u00eancia em\nsuas respectivas cidades, receberam aplausos e o merecido trof\u00e9u como forma de\nagradecimento e incentivo pelo trabalho bem executado em 2019.<\/p>\n\n\n\n<p>O Pr\u00eamio Refer\u00eancia promovido pelo portal de not\u00edcias Cariri em A\u00e7\u00e3o vem ganhando notoriedade no decorrer de suas edi\u00e7\u00f5es, por trazer a p\u00fablico pessoas que s\u00e3o indicadas pela popula\u00e7\u00e3o como refer\u00eancia em suas cidades, atrav\u00e9s de pesquisas in loco, tendo como objetivo: incentivar, motivar, aplaudir, prestigiar e dar visibilidade para as refer\u00eancias de cada cidade da regi\u00e3o.&nbsp; <\/p>\n\n\n\n<figure class=\"wp-block-image\"><img fetchpriority=\"high\" decoding=\"async\" width=\"1024\" height=\"683\" src=\"http:\/\/www.caririemacao.com\/1\/wp-content\/uploads\/2019\/12\/DSC_0023-1024x683.jpg\" alt=\"\" class=\"wp-image-140092\" srcset=\"https:\/\/www.caririemacao.com\/1\/wp-content\/uploads\/2019\/12\/DSC_0023-1024x683.jpg 1024w, https:\/\/www.caririemacao.com\/1\/wp-content\/uploads\/2019\/12\/DSC_0023-300x200.jpg 300w, https:\/\/www.caririemacao.com\/1\/wp-content\/uploads\/2019\/12\/DSC_0023-768x512.jpg 768w\" sizes=\"(max-width: 1024px) 100vw, 1024px\" \/><\/figure>\n\n\n\n<p>\u201cE como j\u00e1 esperado, o evento foi um sucesso. O Pr\u00eamio Refer\u00eancia vem transformando vidas, mudando a realidade de in\u00fameras pessoas, se consolidando como o maior do estado, pois n\u00e3o se trata somente de um pr\u00eamio, mas sim, de um incentivo as refer\u00eancias da regi\u00e3o, agradeceu Marivaldo Alc\u00e2ntara, diretor do Cariri em A\u00e7\u00e3o, portal de not\u00edcias respons\u00e1vel pelo evento.<\/p>\n\n\n\n<p>VEJA ABAIXO, TODAS AS FOTOS E V\u00cdDEO DA CERIM\u00d4NIA DO PR\u00caMIO REFER\u00caNCIA 2019<\/p>\n\n\n\n<p>FOTOS &#8211; <a href=\"https:\/\/www.facebook.com\/pg\/CaririEmAcao\/photos\/?tab=album&amp;album_id=1737208653081817\"> Pr\u00eamio Refer\u00eancia 2019 &#8211; Parte 1 <\/a><\/p>\n\n\n\n<p> FOTOS &#8211; <a href=\"https:\/\/www.facebook.com\/pg\/CaririEmAcao\/photos\/?tab=album&amp;album_id=1737237419745607\"> Pr\u00eamio Refer\u00eancia 2019 &#8211; Parte 2<\/a><\/p>\n\n\n\n<p> FOTOS &#8211; <a href=\"https:\/\/www.facebook.com\/pg\/CaririEmAcao\/photos\/?tab=album&amp;album_id=1737256479743701\"> Pr\u00eamio Refer\u00eancia 2019 &#8211; Parte 3<br><\/a><a href=\"https:\/\/www.facebook.com\/pg\/CaririEmAcao\/photos\/?tab=album&amp;album_id=1737237419745607\"><br><\/a>V\u00cdDEO:  <a href=\"https:\/\/www.facebook.com\/CaririEmAcao\/videos\/520264348703960\/\">CERIM\u00d4NIA DO PR\u00caMIO REFER\u00caNCIA 2019 <\/a> <\/p>\n\n\n\n<figure class=\"wp-block-embed-facebook wp-block-embed is-type-video is-provider-facebook\"><div class=\"wp-block-embed__wrapper\">\n<div class=\"ose- ose-uid-4abf10cb9cc0fb24501196884a119eb9 ose-embedpress-responsive\" style=\"width:600px; height:550px; max-height:550px; max-width:100%; display:inline-block;\" data-embed-type=\"Facebook\"><iframe allowFullScreen=\"true\" class=\"embera-facebook-iframe-4abf1 lazyload\" data-src=\"https:\/\/www.facebook.com\/plugins\/post.php?href=https%3A%2F%2Fwww.facebook.com%2FCaririEmAcao%2Fvideos%2F520264348703960%2F&width=600&height=550&show_text=true\" width=\"600\" height=\"550\" style=\"border:none;overflow:hidden\" scrolling=\"no\" frameborder=\"0\" allowTransparency=\"true\" src=\"data:image\/svg+xml;base64,PHN2ZyB3aWR0aD0iMSIgaGVpZ2h0PSIxIiB4bWxucz0iaHR0cDovL3d3dy53My5vcmcvMjAwMC9zdmciPjwvc3ZnPg==\" data-load-mode=\"1\"><\/iframe><\/div>\n<\/div><\/figure>\n","protected":false},"excerpt":{"rendered":"<p>Foi realizado nesse \u00faltimo s\u00e1bado dia (07) a 7\u00b0 edi\u00e7\u00e3o do evento mais aguardado do ano, o PR\u00caMIO REFER\u00caNCIA 2019 que contou com a participa\u00e7\u00e3o&hellip; <\/p>\n","protected":false},"author":2,"featured_media":140097,"comment_status":"closed","ping_status":"closed","sticky":false,"template":"","format":"standard","meta":{"sfsi_plus_gutenberg_text_before_share":"","sfsi_plus_gutenberg_show_text_before_share":"","sfsi_plus_gutenberg_icon_type":"","sfsi_plus_gutenberg_icon_alignemt":"","sfsi_plus_gutenburg_max_per_row":"","footnotes":""},"categories":[50,2,66],"tags":[],"class_list":["post-140090","post","type-post","status-publish","format-standard","has-post-thumbnail","hentry","category-destaque","category-geral","category-premio-referencia-2019"],"_links":{"self":[{"href":"https:\/\/www.caririemacao.com\/1\/wp-json\/wp\/v2\/posts\/140090","targetHints":{"allow":["GET"]}}],"collection":[{"href":"https:\/\/www.caririemacao.com\/1\/wp-json\/wp\/v2\/posts"}],"about":[{"href":"https:\/\/www.caririemacao.com\/1\/wp-json\/wp\/v2\/types\/post"}],"author":[{"embeddable":true,"href":"https:\/\/www.caririemacao.com\/1\/wp-json\/wp\/v2\/users\/2"}],"replies":[{"embeddable":true,"href":"https:\/\/www.caririemacao.com\/1\/wp-json\/wp\/v2\/comments?post=140090"}],"version-history":[{"count":4,"href":"https:\/\/www.caririemacao.com\/1\/wp-json\/wp\/v2\/posts\/140090\/revisions"}],"predecessor-version":[{"id":140099,"href":"https:\/\/www.caririemacao.com\/1\/wp-json\/wp\/v2\/posts\/140090\/revisions\/140099"}],"wp:featuredmedia":[{"embeddable":true,"href":"https:\/\/www.caririemacao.com\/1\/wp-json\/wp\/v2\/media\/140097"}],"wp:attachment":[{"href":"https:\/\/www.caririemacao.com\/1\/wp-json\/wp\/v2\/media?parent=140090"}],"wp:term":[{"taxonomy":"category","embeddable":true,"href":"https:\/\/www.caririemacao.com\/1\/wp-json\/wp\/v2\/categories?post=140090"},{"taxonomy":"post_tag","embeddable":true,"href":"https:\/\/www.caririemacao.com\/1\/wp-json\/wp\/v2\/tags?post=140090"}],"curies":[{"name":"wp","href":"https:\/\/api.w.org\/{rel}","templated":true}]}}