{"id":140106,"date":"2019-12-09T11:52:17","date_gmt":"2019-12-09T14:52:17","guid":{"rendered":"http:\/\/www.caririemacao.com\/1\/?p=140106"},"modified":"2019-12-09T11:52:17","modified_gmt":"2019-12-09T14:52:17","slug":"ministerio-da-saude-e-ibge-coletarao-dados-sobre-populacao-infantil","status":"publish","type":"post","link":"https:\/\/www.caririemacao.com\/1\/2019\/12\/09\/ministerio-da-saude-e-ibge-coletarao-dados-sobre-populacao-infantil\/","title":{"rendered":"Minist\u00e9rio da Sa\u00fade e IBGE coletar\u00e3o dados sobre popula\u00e7\u00e3o infantil"},"content":{"rendered":"\n<p>O Minist\u00e9rio da Sa\u00fade (MS) e o Instituto Brasileiro de Geografia e Estat\u00edstica (IBGE) formalizam&nbsp;hoje&nbsp;(9) um termo de Coopera\u00e7\u00e3o T\u00e9cnica de Pesquisa em Sa\u00fade de Base Domiciliar Nacional que possibilitar\u00e1 a coleta de informa\u00e7\u00f5es relevantes sobre a sa\u00fade da popula\u00e7\u00e3o e a capacidade do Sistema \u00danico de Sa\u00fade (SUS), com foco na Aten\u00e7\u00e3o Prim\u00e1ria \u00e0 Sa\u00fade (APS).<\/p>\n\n\n\n<p>De acordo com o minist\u00e9rio, ser\u00e3o destinados R$ 30,1 milh\u00f5es para o conv\u00eanio, de forma a viabilizar a realiza\u00e7\u00e3o de tr\u00eas pesquisas: a Pesquisa Nacional por Amostra de Domic\u00edlios Cont\u00ednua (PNAD Cont\u00ednua), a Pesquisa Nacional de Demografia e Sa\u00fade (PNDS) e a Pesquisa de Assist\u00eancia M\u00e9dico-Sanit\u00e1ria (AMS).<\/p>\n\n\n\n<p>A PNAD Cont\u00ednua tem previs\u00e3o de ser iniciada em 2020 e abranger cerca de 210 mil domic\u00edlios. A ideia \u00e9 obter dados mais apurados sobre a Aten\u00e7\u00e3o Prim\u00e1ria \u00e0 Sa\u00fade (APS) e sobre o desenvolvimento infantil, possibilitando um \u201cdi\u00e1logo intersetorial\u201d com outras pol\u00edticas p\u00fablicas \u2013 caso do Marco Legal da Primeira Inf\u00e2ncia, desenvolvido pelo Minist\u00e9rio da Cidadania.<\/p>\n\n\n\n<p>\u201cNessa pesquisa, ser\u00e3o incorporados dois m\u00f3dulos para abordar a sa\u00fade da popula\u00e7\u00e3o infantil. Um deles vai avaliar a qualidade da APS na perspectiva do cuidado \u00e0 crian\u00e7a, com a inser\u00e7\u00e3o do PCATool-Brasil [modelo de avalia\u00e7\u00e3o da qualidade de servi\u00e7os que se baseia na mensura\u00e7\u00e3o de aspectos de estrutura, processo e resultados dos servi\u00e7os de sa\u00fade] em sua vers\u00e3o infantil\u201d, informou por meio de nota o MS.<\/p>\n\n\n\n<p>O outro m\u00f3dulo inclui o desenvolvimento infantil, por meio do instrumento de avalia\u00e7\u00e3o do projeto Primeira Inf\u00e2ncia para Adultos Saud\u00e1veis (PIPA).<\/p>\n\n\n\n<p>J\u00e1 a PNDS, feita pela \u00faltima vez em 2006, atualizar\u00e1 as informa\u00e7\u00f5es sobre a sa\u00fade da mulher e da crian\u00e7a \u201cpara constru\u00e7\u00e3o de s\u00e9ries hist\u00f3ricas e estudos comparativos em n\u00edvel nacional e internacional\u201d. Para tanto, a pesquisa contar\u00e1 com \u201cinstrumentos para avalia\u00e7\u00e3o da aten\u00e7\u00e3o prim\u00e1ria, porta de entrada do SUS, em rela\u00e7\u00e3o ao cuidado oferecido \u00e0 popula\u00e7\u00e3o\u201d.<\/p>\n\n\n\n<p>Essa pesquisa ser\u00e1 iniciada no primeiro semestre de 2021. Por meio de entrevistas domiciliares com visitas a 110 mil domic\u00edlios, ela fornecer\u00e1 dados e indicadores relevantes para o contexto da sa\u00fade da mulher e da crian\u00e7a, com foco em reprodu\u00e7\u00e3o, amamenta\u00e7\u00e3o e sa\u00fade nutricional.<\/p>\n\n\n\n<p>Tendo por base dados obtidos pelo IBGE, a iniciativa pretende incluir \u201cassuntos relevantes para a avalia\u00e7\u00e3o do momento atual do SUS\u201d. Para tanto, ser\u00e1 resgatada a Pesquisa de Assist\u00eancia M\u00e9dico-Sanit\u00e1ria, que teve a \u00faltima edi\u00e7\u00e3o em 2009. A previs\u00e3o \u00e9 de que nesse caso a pesquisa abranja cerca de 100 mil estabelecimentos de sa\u00fade no 2\u00ba semestre de 2021.<\/p>\n\n\n\n<p>Segundo o Minist\u00e9rio da Sa\u00fade, essa pesquisa ser\u00e1 feita via liga\u00e7\u00f5es telef\u00f4nicas, com o objetivo de atualizar o \u201cperfil da capacidade instalada do SUS, considerando os subsistemas p\u00fablico e privado, al\u00e9m de permitir conhecer o perfil da for\u00e7a de trabalho em sa\u00fade e da oferta e uso dos equipamentos m\u00e9dico-hospitalares\u201d.<\/p>\n\n\n\n<p>Tamb\u00e9m ser\u00e1 criado um m\u00f3dulo espec\u00edfico para avaliar as estruturas das unidades de sa\u00fade familiar, no \u00e2mbito da aten\u00e7\u00e3o prim\u00e1ria \u00e0 sa\u00fade, \u201cpermitindo a conex\u00e3o com o novo e-SUS AB [estrat\u00e9gia de qualifica\u00e7\u00e3o da gest\u00e3o da informa\u00e7\u00e3o] e a base Cadastro Nacional de Estabelecimentos de Sa\u00fade (CNES)\u201d.Edi\u00e7\u00e3o:&nbsp;L\u00edlian Beraldo&nbsp;Tags:&nbsp;<a href=\"http:\/\/agenciabrasil.ebc.com.br\/tags\/ministerio-da-saude\">MINIST\u00c9RIO DA SA\u00daDE<\/a><a href=\"http:\/\/agenciabrasil.ebc.com.br\/tags\/ibge\">IBGE<\/a><a href=\"http:\/\/agenciabrasil.ebc.com.br\/tags\/desenvolvimento-infantil\">DESENVOLVIMENTO INFANTIL<\/a><a href=\"http:\/\/agenciabrasil.ebc.com.br\/tags\/saude-da-mulher\">SA\u00daDE DA MULHER<\/a><\/p>\n","protected":false},"excerpt":{"rendered":"<p>O Minist\u00e9rio da Sa\u00fade (MS) e o Instituto Brasileiro de Geografia e Estat\u00edstica (IBGE) formalizam&nbsp;hoje&nbsp;(9) um termo de Coopera\u00e7\u00e3o T\u00e9cnica de Pesquisa em Sa\u00fade de&hellip; <\/p>\n","protected":false},"author":1,"featured_media":140107,"comment_status":"closed","ping_status":"closed","sticky":false,"template":"","format":"standard","meta":{"sfsi_plus_gutenberg_text_before_share":"","sfsi_plus_gutenberg_show_text_before_share":"","sfsi_plus_gutenberg_icon_type":"","sfsi_plus_gutenberg_icon_alignemt":"","sfsi_plus_gutenburg_max_per_row":"","footnotes":""},"categories":[16],"tags":[],"class_list":["post-140106","post","type-post","status-publish","format-standard","has-post-thumbnail","hentry","category-saude"],"_links":{"self":[{"href":"https:\/\/www.caririemacao.com\/1\/wp-json\/wp\/v2\/posts\/140106","targetHints":{"allow":["GET"]}}],"collection":[{"href":"https:\/\/www.caririemacao.com\/1\/wp-json\/wp\/v2\/posts"}],"about":[{"href":"https:\/\/www.caririemacao.com\/1\/wp-json\/wp\/v2\/types\/post"}],"author":[{"embeddable":true,"href":"https:\/\/www.caririemacao.com\/1\/wp-json\/wp\/v2\/users\/1"}],"replies":[{"embeddable":true,"href":"https:\/\/www.caririemacao.com\/1\/wp-json\/wp\/v2\/comments?post=140106"}],"version-history":[{"count":1,"href":"https:\/\/www.caririemacao.com\/1\/wp-json\/wp\/v2\/posts\/140106\/revisions"}],"predecessor-version":[{"id":140108,"href":"https:\/\/www.caririemacao.com\/1\/wp-json\/wp\/v2\/posts\/140106\/revisions\/140108"}],"wp:featuredmedia":[{"embeddable":true,"href":"https:\/\/www.caririemacao.com\/1\/wp-json\/wp\/v2\/media\/140107"}],"wp:attachment":[{"href":"https:\/\/www.caririemacao.com\/1\/wp-json\/wp\/v2\/media?parent=140106"}],"wp:term":[{"taxonomy":"category","embeddable":true,"href":"https:\/\/www.caririemacao.com\/1\/wp-json\/wp\/v2\/categories?post=140106"},{"taxonomy":"post_tag","embeddable":true,"href":"https:\/\/www.caririemacao.com\/1\/wp-json\/wp\/v2\/tags?post=140106"}],"curies":[{"name":"wp","href":"https:\/\/api.w.org\/{rel}","templated":true}]}}