{"id":140110,"date":"2019-12-09T11:53:26","date_gmt":"2019-12-09T14:53:26","guid":{"rendered":"http:\/\/www.caririemacao.com\/1\/?p=140110"},"modified":"2019-12-09T11:53:26","modified_gmt":"2019-12-09T14:53:26","slug":"veneziano-adia-decisao-acerca-do-seu-futuro-partidario","status":"publish","type":"post","link":"https:\/\/www.caririemacao.com\/1\/2019\/12\/09\/veneziano-adia-decisao-acerca-do-seu-futuro-partidario\/","title":{"rendered":"Veneziano adia decis\u00e3o acerca do seu futuro partid\u00e1rio"},"content":{"rendered":"\n<p>Ap\u00f3s conversar com o governador Jo\u00e3o Azev\u00eado (sem partido), na \u00faltima sexta-feira (06) na Granja Santana, o senador Veneziano Vital do R\u00eago (PSB) disse, nesta segunda-feira (9), que a sua decis\u00e3o de permanecer ou deixar o PSB n\u00e3o est\u00e1 na \u201cordem do dia\u201d.<\/p>\n\n\n\n<p>Ao&nbsp;<strong>Portal MaisPB<\/strong>, Vital destacou que tem tempo para fazer a op\u00e7\u00e3o acerca do seu destino pol\u00edtico. Com a sa\u00edda de Azev\u00eado do PSB, na semana passada,&nbsp;<a href=\"https:\/\/www.maispb.com.br\/430899\/veneziano-aguarda-joao-para-analisar-saida-do-psb.html\"><strong>Veneziano cogitou deixar o partido<\/strong><\/a>.<\/p>\n\n\n\n<p>\u201cTenho tempo para fazer a op\u00e7\u00e3o, o importante \u00e9 o governador saber que conta com o meu apoio. A minha decis\u00e3o n\u00e3o est\u00e1 na ordem do dia\u201d, frisou.<\/p>\n\n\n\n<p><strong>MaisPB<\/strong><\/p>\n","protected":false},"excerpt":{"rendered":"<p>Ap\u00f3s conversar com o governador Jo\u00e3o Azev\u00eado (sem partido), na \u00faltima sexta-feira (06) na Granja Santana, o senador Veneziano Vital do R\u00eago (PSB) disse, nesta&hellip; <\/p>\n","protected":false},"author":1,"featured_media":99568,"comment_status":"closed","ping_status":"closed","sticky":false,"template":"","format":"standard","meta":{"sfsi_plus_gutenberg_text_before_share":"","sfsi_plus_gutenberg_show_text_before_share":"","sfsi_plus_gutenberg_icon_type":"","sfsi_plus_gutenberg_icon_alignemt":"","sfsi_plus_gutenburg_max_per_row":"","footnotes":""},"categories":[11],"tags":[],"class_list":["post-140110","post","type-post","status-publish","format-standard","has-post-thumbnail","hentry","category-politica"],"_links":{"self":[{"href":"https:\/\/www.caririemacao.com\/1\/wp-json\/wp\/v2\/posts\/140110","targetHints":{"allow":["GET"]}}],"collection":[{"href":"https:\/\/www.caririemacao.com\/1\/wp-json\/wp\/v2\/posts"}],"about":[{"href":"https:\/\/www.caririemacao.com\/1\/wp-json\/wp\/v2\/types\/post"}],"author":[{"embeddable":true,"href":"https:\/\/www.caririemacao.com\/1\/wp-json\/wp\/v2\/users\/1"}],"replies":[{"embeddable":true,"href":"https:\/\/www.caririemacao.com\/1\/wp-json\/wp\/v2\/comments?post=140110"}],"version-history":[{"count":1,"href":"https:\/\/www.caririemacao.com\/1\/wp-json\/wp\/v2\/posts\/140110\/revisions"}],"predecessor-version":[{"id":140111,"href":"https:\/\/www.caririemacao.com\/1\/wp-json\/wp\/v2\/posts\/140110\/revisions\/140111"}],"wp:featuredmedia":[{"embeddable":true,"href":"https:\/\/www.caririemacao.com\/1\/wp-json\/wp\/v2\/media\/99568"}],"wp:attachment":[{"href":"https:\/\/www.caririemacao.com\/1\/wp-json\/wp\/v2\/media?parent=140110"}],"wp:term":[{"taxonomy":"category","embeddable":true,"href":"https:\/\/www.caririemacao.com\/1\/wp-json\/wp\/v2\/categories?post=140110"},{"taxonomy":"post_tag","embeddable":true,"href":"https:\/\/www.caririemacao.com\/1\/wp-json\/wp\/v2\/tags?post=140110"}],"curies":[{"name":"wp","href":"https:\/\/api.w.org\/{rel}","templated":true}]}}