{"id":140113,"date":"2019-12-09T11:54:20","date_gmt":"2019-12-09T14:54:20","guid":{"rendered":"http:\/\/www.caririemacao.com\/1\/?p=140113"},"modified":"2019-12-09T11:54:20","modified_gmt":"2019-12-09T14:54:20","slug":"mulheres-tem-renda-415-menor-que-homens","status":"publish","type":"post","link":"https:\/\/www.caririemacao.com\/1\/2019\/12\/09\/mulheres-tem-renda-415-menor-que-homens\/","title":{"rendered":"Mulheres t\u00eam renda 41,5% menor que homens"},"content":{"rendered":"\n<p>O \u00cdndice de Desenvolvimento de G\u00eanero (IDG), divulgado pelo Programa das Na\u00e7\u00f5es Unidas para o Desenvolvimento (Pnud) nesta segunda-feira (9), aponta que as mulheres no Brasil estudam mais, por\u00e9m possuem renda 41,5% menor que os homens.<\/p>\n\n\n\n<p>O IDG aponta os mesmos indicadores do \u00cdndice de Desenvolvimento Humano (IDH) \u2014 de sa\u00fade, educa\u00e7\u00e3o e renda \u2014 em 166 pa\u00edses, mas com separa\u00e7\u00e3o por sexo. O IDH do Pnud tamb\u00e9m foi divulgado nesta segunda e coloca o Brasil na 79\u00aa posi\u00e7\u00e3o, com 0,761. Medido anualmente, o IDH vai de 0 a 1 \u2013 quanto maior, mais desenvolvido o pa\u00eds.<\/p>\n\n\n\n<p>O IDH para mulheres mostrou que as brasileiras est\u00e3o em melhores condi\u00e7\u00f5es de sa\u00fade e educa\u00e7\u00e3o que os homens, mas ficam abaixo quando o assunto \u00e9 renda bruta.<\/p>\n\n\n\n<p>No Brasil, as mulheres t\u00eam mais anos esperados de escolaridade (15,8 frente a 15 dos homens) e maior m\u00e9dia de anos de estudo (8,1 anos contra 7,6 dos homens). A Renda Nacional Bruta (RNB) per capita, medida anualmente, da mulher, no entanto, equivale a US$ 10.432 contra US$ 17.827 do homem, com base em n\u00fameros de 2018.<\/p>\n\n\n\n<p>Pelo levantamento, o IDH dos homens foi de 0,761 e o das mulheres de 0,757, o que gera um IDG, que mede a desigualdade entre os g\u00eaneros, de 0,995. O valor \u00e9 menor que o de pa\u00edses como Uruguai (1,016), R\u00fassia (1,015) e Venezuela (1,013), e maior que o de Argentina (0,988), Col\u00f4mbia (0,986) e \u00c1frica do Sul (0,984).<\/p>\n\n\n\n<p>O IDG tamb\u00e9m indicou, no Brasil, maior esperan\u00e7a de vida ao nascer para mulheres, de 79,4 anos de idade, contra os 72 anos previstos para o homem.<\/p>\n\n\n\n<p><strong>G1<\/strong><\/p>\n","protected":false},"excerpt":{"rendered":"<p>O \u00cdndice de Desenvolvimento de G\u00eanero (IDG), divulgado pelo Programa das Na\u00e7\u00f5es Unidas para o Desenvolvimento (Pnud) nesta segunda-feira (9), aponta que as mulheres no&hellip; <\/p>\n","protected":false},"author":1,"featured_media":138375,"comment_status":"closed","ping_status":"closed","sticky":false,"template":"","format":"standard","meta":{"sfsi_plus_gutenberg_text_before_share":"","sfsi_plus_gutenberg_show_text_before_share":"","sfsi_plus_gutenberg_icon_type":"","sfsi_plus_gutenberg_icon_alignemt":"","sfsi_plus_gutenburg_max_per_row":"","footnotes":""},"categories":[2],"tags":[],"class_list":["post-140113","post","type-post","status-publish","format-standard","has-post-thumbnail","hentry","category-geral"],"_links":{"self":[{"href":"https:\/\/www.caririemacao.com\/1\/wp-json\/wp\/v2\/posts\/140113","targetHints":{"allow":["GET"]}}],"collection":[{"href":"https:\/\/www.caririemacao.com\/1\/wp-json\/wp\/v2\/posts"}],"about":[{"href":"https:\/\/www.caririemacao.com\/1\/wp-json\/wp\/v2\/types\/post"}],"author":[{"embeddable":true,"href":"https:\/\/www.caririemacao.com\/1\/wp-json\/wp\/v2\/users\/1"}],"replies":[{"embeddable":true,"href":"https:\/\/www.caririemacao.com\/1\/wp-json\/wp\/v2\/comments?post=140113"}],"version-history":[{"count":1,"href":"https:\/\/www.caririemacao.com\/1\/wp-json\/wp\/v2\/posts\/140113\/revisions"}],"predecessor-version":[{"id":140114,"href":"https:\/\/www.caririemacao.com\/1\/wp-json\/wp\/v2\/posts\/140113\/revisions\/140114"}],"wp:featuredmedia":[{"embeddable":true,"href":"https:\/\/www.caririemacao.com\/1\/wp-json\/wp\/v2\/media\/138375"}],"wp:attachment":[{"href":"https:\/\/www.caririemacao.com\/1\/wp-json\/wp\/v2\/media?parent=140113"}],"wp:term":[{"taxonomy":"category","embeddable":true,"href":"https:\/\/www.caririemacao.com\/1\/wp-json\/wp\/v2\/categories?post=140113"},{"taxonomy":"post_tag","embeddable":true,"href":"https:\/\/www.caririemacao.com\/1\/wp-json\/wp\/v2\/tags?post=140113"}],"curies":[{"name":"wp","href":"https:\/\/api.w.org\/{rel}","templated":true}]}}