{"id":140126,"date":"2019-12-09T12:01:33","date_gmt":"2019-12-09T15:01:33","guid":{"rendered":"http:\/\/www.caririemacao.com\/1\/?p=140126"},"modified":"2019-12-09T12:01:33","modified_gmt":"2019-12-09T15:01:33","slug":"sindicato-de-trabalhadores-da-energisa-anuncia-greve-a-partir-desta-quarta","status":"publish","type":"post","link":"https:\/\/www.caririemacao.com\/1\/2019\/12\/09\/sindicato-de-trabalhadores-da-energisa-anuncia-greve-a-partir-desta-quarta\/","title":{"rendered":"Sindicato de trabalhadores da Energisa anuncia greve a partir desta quarta"},"content":{"rendered":"\n<p>O Sindicato de Trabalhadores Nas Ind\u00fastrias Urbanas da Para\u00edba (STIUPB) anunciou a deflagra\u00e7\u00e3o de uma paralisa\u00e7\u00e3o por tempo indeterminado a partir desta quarta-feira (11).<\/p>\n\n\n\n<p>A paralisa\u00e7\u00e3o foi decidida em Assembleia Geral Extraordin\u00e1ria realizada entre os dias 21 e 26 de novembro, ap\u00f3s a rejei\u00e7\u00e3o da proposta de Acordo Coletivo de Trabalho apresentada pelas empresas.<\/p>\n\n\n\n<p><strong>Confira abaixo:<\/strong><\/p>\n\n\n\n<p>AVISO DE GREVE O SINDICATO DOS TRABALHADORES NAS IND\u00daSTRIAS URBANAS DA PARAIBA \u2013 STIUPB, CNPJ 09.368.580\/0001-49, localizado \u00e0 Rua Tavares Cavalcante, 199 \u2013 Centro \u2013 Campina Grande \u2013 CEP: 58.400-150, por seu Presidente abaixo assinado, conforme o Estatuto Social da Entidade e para cumprimento das exig\u00eancias da Lei n\u00ba 7.783\/89 e o Art. 9\u00ba da Constitui\u00e7\u00e3o Federal, avisa \u00e0s empresas Energisa Para\u00edba e Energisa Borborema, aos usu\u00e1rios de seus servi\u00e7os e \u00e0 popula\u00e7\u00e3o em geral, que os empregados pertencentes a estas empresas na base territorial deste Sindicato, em todo Estado da Para\u00edba com exce\u00e7\u00e3o da cidade de Jo\u00e3o Pessoa, realizaram Assembleia Geral Extraordin\u00e1ria entre os dias 21, 22, 25 e 26 de Novembro de 2019, onde deliberaram pela deflagra\u00e7\u00e3o de paralisa\u00e7\u00e3o por tempo indeterminado, a partir do dia 11 de dezembro de 2019, em raz\u00e3o da rejei\u00e7\u00e3o da proposta do Acordo Coletivo de Trabalho 2019\/2020 apresentada pelas empresas, no que diz respeito aos seguintes pontos: 1 \u2013 Reajuste salarial; 2 \u2013 Reajuste do valor do ticket alimenta\u00e7\u00e3o e; 3 \u2013 Coparticipa\u00e7\u00e3o no plano de sa\u00fade dos dependentes.<\/p>\n\n\n\n<p>Campina Grande-PB, 04 de dezembro de 2019<\/p>\n\n\n\n<p>Wilton Maia Velez<\/p>\n\n\n\n<p>Presidente<\/p>\n","protected":false},"excerpt":{"rendered":"<p>O Sindicato de Trabalhadores Nas Ind\u00fastrias Urbanas da Para\u00edba (STIUPB) anunciou a deflagra\u00e7\u00e3o de uma paralisa\u00e7\u00e3o por tempo indeterminado a partir desta quarta-feira (11). A&hellip; <\/p>\n","protected":false},"author":1,"featured_media":83384,"comment_status":"closed","ping_status":"closed","sticky":false,"template":"","format":"standard","meta":{"sfsi_plus_gutenberg_text_before_share":"","sfsi_plus_gutenberg_show_text_before_share":"","sfsi_plus_gutenberg_icon_type":"","sfsi_plus_gutenberg_icon_alignemt":"","sfsi_plus_gutenburg_max_per_row":"","footnotes":""},"categories":[2],"tags":[],"class_list":["post-140126","post","type-post","status-publish","format-standard","has-post-thumbnail","hentry","category-geral"],"_links":{"self":[{"href":"https:\/\/www.caririemacao.com\/1\/wp-json\/wp\/v2\/posts\/140126","targetHints":{"allow":["GET"]}}],"collection":[{"href":"https:\/\/www.caririemacao.com\/1\/wp-json\/wp\/v2\/posts"}],"about":[{"href":"https:\/\/www.caririemacao.com\/1\/wp-json\/wp\/v2\/types\/post"}],"author":[{"embeddable":true,"href":"https:\/\/www.caririemacao.com\/1\/wp-json\/wp\/v2\/users\/1"}],"replies":[{"embeddable":true,"href":"https:\/\/www.caririemacao.com\/1\/wp-json\/wp\/v2\/comments?post=140126"}],"version-history":[{"count":1,"href":"https:\/\/www.caririemacao.com\/1\/wp-json\/wp\/v2\/posts\/140126\/revisions"}],"predecessor-version":[{"id":140127,"href":"https:\/\/www.caririemacao.com\/1\/wp-json\/wp\/v2\/posts\/140126\/revisions\/140127"}],"wp:featuredmedia":[{"embeddable":true,"href":"https:\/\/www.caririemacao.com\/1\/wp-json\/wp\/v2\/media\/83384"}],"wp:attachment":[{"href":"https:\/\/www.caririemacao.com\/1\/wp-json\/wp\/v2\/media?parent=140126"}],"wp:term":[{"taxonomy":"category","embeddable":true,"href":"https:\/\/www.caririemacao.com\/1\/wp-json\/wp\/v2\/categories?post=140126"},{"taxonomy":"post_tag","embeddable":true,"href":"https:\/\/www.caririemacao.com\/1\/wp-json\/wp\/v2\/tags?post=140126"}],"curies":[{"name":"wp","href":"https:\/\/api.w.org\/{rel}","templated":true}]}}