{"id":140129,"date":"2019-12-09T12:12:35","date_gmt":"2019-12-09T15:12:35","guid":{"rendered":"http:\/\/www.caririemacao.com\/1\/?p=140129"},"modified":"2019-12-09T12:12:35","modified_gmt":"2019-12-09T15:12:35","slug":"gravada-no-cariri-o-auto-da-compadecida-sera-reprisada-pela-1a-vez-na-globo-em-janeiro","status":"publish","type":"post","link":"https:\/\/www.caririemacao.com\/1\/2019\/12\/09\/gravada-no-cariri-o-auto-da-compadecida-sera-reprisada-pela-1a-vez-na-globo-em-janeiro\/","title":{"rendered":"Gravada no Cariri, \u2018O Auto da Compadecida\u2019 ser\u00e1 reprisada pela 1\u00aa vez na Globo em janeiro"},"content":{"rendered":"\n<p>As aventuras de Jo\u00e3o Grilo (Matheus Nachtergaele) e Chic\u00f3 (Selton Mello) v\u00e3o voltar \u00e0 tela da Globo. A miniss\u00e9rie \u201cO Auto da Compadecida\u201d (1999) ser\u00e1 reprisada pela primeira vez, a partir do dia 7 de janeiro, na emissora.<\/p>\n\n\n\n<p>Antes, no fim de dezembro, os quatro epis\u00f3dios da produ\u00e7\u00e3o, baseada na pe\u00e7a teatral hom\u00f4nima de Ariano Suassuna (1927-2014), estar\u00e3o dispon\u00edveis para os assinantes do GloboPlay.<\/p>\n\n\n\n<p>O an\u00fancio foi feito por Selton Mello neste domingo (8) na CCXP (Comic Con Experience 2019), evento de cultura pop que acontece em S\u00e3o Paulo. No fim de novembro, a atriz Virginia Cavendish j\u00e1 tinha revelado por meio de suas redes sociais que a miniss\u00e9rie seria reprisada.<\/p>\n\n\n\n<p>Tamb\u00e9m presente na CCXP, o diretor Guel Arraes contou que a reexibi\u00e7\u00e3o da miniss\u00e9rie conta com algumas novidades. Um delas \u00e9 que todo o material foi remasterizado, o que significa que visualmente foram tirados arranh\u00f5es e a imagem ganhou mais brilho. Os efeitos especiais tamb\u00e9m foram refeitos, especialmente, os que mostram o c\u00e9u do julgamento. Al\u00e9m disso, foi produzida uma abertura nova, que foi apresentada pela primeira vez no evento.<\/p>\n\n\n\n<p>\u201c\u00c9 muito doido. O neg\u00f3cio est\u00e1 pronto h\u00e1 20 anos, e voc\u00ea entra l\u00e1 e faz de novo uma parte. Isso foi muito bacana. \u00c9 uma obra que n\u00e3o termina, de certa maneira\u201d, disse Arraes.<\/p>\n\n\n\n<p>Mello afirmou que Chic\u00f3 \u00e9 o personagem mais popular que ele j\u00e1 fez, maior at\u00e9 do que outros trabalhos que ele fez em novelas. \u201cEu n\u00e3o dou um passo em nenhum lugar do Brasil, que n\u00e3o chegue algu\u00e9m, n\u00e3o interessa a idade, a classe social, que n\u00e3o venha falar de Chic\u00f3. H\u00e1 20 anos, Chic\u00f3 \u00e9 o contato do p\u00fablico comigo.\u201d<\/p>\n\n\n\n<p>O ator completou que acha \u00f3timo que novas gera\u00e7\u00f5es v\u00e3o poder conhecer esse trabalho e destacou a import\u00e2ncia da reprise da miniss\u00e9rie, que tem uma hora a mais que o filme \u201cO Auto da Compadecida\u201d, longa que surgiu em 2000, um ano depois da produ\u00e7\u00e3o para a televis\u00e3o.<\/p>\n\n\n\n<p>\u201cEssa uma hora a mais que tem na miniss\u00e9rie eu j\u00e1 n\u00e3o lembro mais o que \u00e9 que tem. Eu s\u00f3 lembro que tinha um gato que descome dinheiro. O resto n\u00e3o lembro mais nada, porque a gente se acostumou nesses 20 anos a ver o filme. O que eu acho muito bonito \u00e9 que a gente vai inaugurar uma nova gera\u00e7\u00e3o de fan\u00e1ticos pelo \u2018O Auto da Compadecida&#8217;\u201d, afirmou o ator.<\/p>\n\n\n\n<p>Ele, ent\u00e3o, pediu para o p\u00fablico falar o bord\u00e3o do Chic\u00f3: \u201cN\u00e3o sei, s\u00f3 sei que foi assim\u201d, gritou a plateia.<\/p>\n\n\n\n<p>Nascido no interior de Minas e criado em S\u00e3o Paulo, Selton Mello disse que s\u00f3 entendeu como tinha que fazer o sertanejo Chic\u00f3, quando pisou em Cabaceiras, na Para\u00edba, onde foi gravada a miniss\u00e9rie. \u201cEu e o Matheus sempre falamos isso, que foi quando a gente pisou l\u00e1, que a gente come\u00e7ou a ouvir as pessoas falando, o humor delas, a vivacidade delas, ali que a gente entendeu como fazer esses personagens\u201d, contou.<\/p>\n\n\n\n<p>Para Arraes e Mello, a reprise da miniss\u00e9rie neste momento do Brasil vai cair em um bom momento. O diretor afirmou que \u2018O Auto da Compadecida\u2019 \u00e9 um painel popular do Brasil e pode chamar a aten\u00e7\u00e3o de pol\u00edticos, artistas e empres\u00e1rios para as necessidade do povo brasileiro e nordestino que, apesar de ser desassistido, \u00e9 \u201cesperto, safo e consegue se divertir, ter humor\u201d. \u201c\u00c9 uma com\u00e9dia onde os personagens est\u00e3o sempre atr\u00e1s de comida. O que eles querem? A coisa mais b\u00e1sica do mundo: comer. E, no entanto, \u00e9 muito engra\u00e7ado. \u201c<\/p>\n\n\n\n<p>No fim, Mello perguntou se tinha algu\u00e9m de cosplay de Jo\u00e3o Grilo ou Chic\u00f3. \u201cValoriza-se muito pouco a cultura brasileira\u201d, disse ele, arrancando aplausos da plateia. N\u00e3o tinha, mas havia uma pessoa com um cartaz da miniss\u00e9rie, e ele prometeu fazer uma foto com o f\u00e3.<\/p>\n\n\n\n<p>Em quatro epis\u00f3dios, \u201cO Auto da Compadecida\u201d conta as aventuras de Jo\u00e3o Grilo e Chic\u00f3, quando no in\u00edcio da d\u00e9cada de 1930, eles v\u00e3o para Tapero\u00e1, no sert\u00e3o da Para\u00edba. L\u00e1, eles passam a trabalhar e morar com o padeiro Eurico (Diego Vilela). Chic\u00f3 se torna um dos muitos amantes de Dora (Denise Fraga), a mulher do padeiro.<\/p>\n\n\n\n<p>Rosinha, papel de&nbsp; Cavendish, \u00e9 filha de Ant\u00f4nio Morais (Paulo Goulart), um tradicional latifundi\u00e1rio que quer ver a jovem casada com um homem valente e rico. Mas ela se apaixona por Chic\u00f3, que n\u00e3o tem dinheiro. Jo\u00e3o Grilo, por\u00e9m, vai armar um plano para eles casarem.<\/p>\n\n\n\n<p>Em 2000, a miniss\u00e9rie foi editada, virou filme e foi para os cinemas, atraindo mais de 2 milh\u00f5es de espectadores.<\/p>\n\n\n\n<p><em>Com Folhapress<\/em><\/p>\n","protected":false},"excerpt":{"rendered":"<p>As aventuras de Jo\u00e3o Grilo (Matheus Nachtergaele) e Chic\u00f3 (Selton Mello) v\u00e3o voltar \u00e0 tela da Globo. A miniss\u00e9rie \u201cO Auto da Compadecida\u201d (1999) ser\u00e1&hellip; <\/p>\n","protected":false},"author":1,"featured_media":140130,"comment_status":"closed","ping_status":"closed","sticky":false,"template":"","format":"standard","meta":{"sfsi_plus_gutenberg_text_before_share":"","sfsi_plus_gutenberg_show_text_before_share":"","sfsi_plus_gutenberg_icon_type":"","sfsi_plus_gutenberg_icon_alignemt":"","sfsi_plus_gutenburg_max_per_row":"","footnotes":""},"categories":[2],"tags":[],"class_list":["post-140129","post","type-post","status-publish","format-standard","has-post-thumbnail","hentry","category-geral"],"_links":{"self":[{"href":"https:\/\/www.caririemacao.com\/1\/wp-json\/wp\/v2\/posts\/140129","targetHints":{"allow":["GET"]}}],"collection":[{"href":"https:\/\/www.caririemacao.com\/1\/wp-json\/wp\/v2\/posts"}],"about":[{"href":"https:\/\/www.caririemacao.com\/1\/wp-json\/wp\/v2\/types\/post"}],"author":[{"embeddable":true,"href":"https:\/\/www.caririemacao.com\/1\/wp-json\/wp\/v2\/users\/1"}],"replies":[{"embeddable":true,"href":"https:\/\/www.caririemacao.com\/1\/wp-json\/wp\/v2\/comments?post=140129"}],"version-history":[{"count":1,"href":"https:\/\/www.caririemacao.com\/1\/wp-json\/wp\/v2\/posts\/140129\/revisions"}],"predecessor-version":[{"id":140131,"href":"https:\/\/www.caririemacao.com\/1\/wp-json\/wp\/v2\/posts\/140129\/revisions\/140131"}],"wp:featuredmedia":[{"embeddable":true,"href":"https:\/\/www.caririemacao.com\/1\/wp-json\/wp\/v2\/media\/140130"}],"wp:attachment":[{"href":"https:\/\/www.caririemacao.com\/1\/wp-json\/wp\/v2\/media?parent=140129"}],"wp:term":[{"taxonomy":"category","embeddable":true,"href":"https:\/\/www.caririemacao.com\/1\/wp-json\/wp\/v2\/categories?post=140129"},{"taxonomy":"post_tag","embeddable":true,"href":"https:\/\/www.caririemacao.com\/1\/wp-json\/wp\/v2\/tags?post=140129"}],"curies":[{"name":"wp","href":"https:\/\/api.w.org\/{rel}","templated":true}]}}