{"id":140136,"date":"2019-12-09T12:47:41","date_gmt":"2019-12-09T15:47:41","guid":{"rendered":"http:\/\/www.caririemacao.com\/1\/?p=140136"},"modified":"2019-12-09T12:47:41","modified_gmt":"2019-12-09T15:47:41","slug":"mais-agua-no-campo-prefeitura-de-monteiro-recupera-mais-17-pocos-publicos-na-zona-rural","status":"publish","type":"post","link":"https:\/\/www.caririemacao.com\/1\/2019\/12\/09\/mais-agua-no-campo-prefeitura-de-monteiro-recupera-mais-17-pocos-publicos-na-zona-rural\/","title":{"rendered":"MAIS \u00c1GUA NO CAMPO: Prefeitura de Monteiro recupera mais 17 po\u00e7os p\u00fablicos na zona rural"},"content":{"rendered":"\n<p>A Secretaria de Agricultura Meio Ambiente e Desenvolvimento Sustent\u00e1vel de Monteiro encaminhou ao gabinete da Prefeita Anna Lorena, o relat\u00f3rio das a\u00e7\u00f5es executadas no m\u00eas de Novembro, referente aos servi\u00e7os de manuten\u00e7\u00e3o de po\u00e7os p\u00fablicos movidos a cata-vento e eletrobomba.<\/p>\n\n\n\n<p>As a\u00e7\u00f5es fazem parte do programa \u201cMAIS \u00c1GUA NO CAMPO\u201d, implantado pela prefeita Anna Lorena e visa suprir a necessidade de recursos h\u00eddricos de todas as resid\u00eancias da zona rural, bem como de todas as pequenas propriedades rurais com a oferta de servi\u00e7os de abastecimento de \u00e1gua de qualidade para consumo humano, \u00e1gua para uso comum, \u00e1gua para os animais de cria\u00e7\u00e3o e irriga\u00e7\u00e3o de sistemas produtivos agroecol\u00f3gicos consorciados.<\/p>\n\n\n\n<p>Segundo Anna Lorena, a manuten\u00e7\u00e3o permanente dos 412 po\u00e7os p\u00fablicos, espalhados nas 55 associa\u00e7\u00f5es das comunidades rurais, pode ser considerada uma das a\u00e7\u00f5es priorit\u00e1rias no enfrentamento \u00e0 estiagem e \u00e0 falta d\u2019\u00e1gua, principalmente para aquelas fam\u00edlias que t\u00eam como \u00fanica fonte de recurso h\u00eddrico o abastecimento atrav\u00e9s de eletrobomba e cata-vento para uso geral e carro pipa para consumo humano.<\/p>\n\n\n\n<p>Segundo o secret\u00e1rio de agricultura, Alfredo Viana, somente no m\u00eas de novembro, foram realizados servi\u00e7os de manuten\u00e7\u00e3o em 17 po\u00e7os movidos a catavento, com a troca de adaptadores, registros, cabe\u00e7as, sola, anilhas, varetas de guia, cilindros, niples, joelhos, redu\u00e7\u00f5es e cord\u00f5es de gaxeta, nas comunidades de Angico, Boa Esperan\u00e7a, Bredos, Extrema, Gameleira, Moc\u00f3, Olho D\u2019\u00c1gua, Pau D\u2019Arco, Po\u00e7o de Baixo, Riacho Verde(02), Samambaia, S\u00edtio do Meio, Tamandu\u00e1, Tapagem e Umburana.<\/p>\n","protected":false},"excerpt":{"rendered":"<p>A Secretaria de Agricultura Meio Ambiente e Desenvolvimento Sustent\u00e1vel de Monteiro encaminhou ao gabinete da Prefeita Anna Lorena, o relat\u00f3rio das a\u00e7\u00f5es executadas no m\u00eas&hellip; <\/p>\n","protected":false},"author":1,"featured_media":140137,"comment_status":"closed","ping_status":"closed","sticky":false,"template":"","format":"standard","meta":{"sfsi_plus_gutenberg_text_before_share":"","sfsi_plus_gutenberg_show_text_before_share":"","sfsi_plus_gutenberg_icon_type":"","sfsi_plus_gutenberg_icon_alignemt":"","sfsi_plus_gutenburg_max_per_row":"","footnotes":""},"categories":[6],"tags":[],"class_list":["post-140136","post","type-post","status-publish","format-standard","has-post-thumbnail","hentry","category-cidades"],"_links":{"self":[{"href":"https:\/\/www.caririemacao.com\/1\/wp-json\/wp\/v2\/posts\/140136","targetHints":{"allow":["GET"]}}],"collection":[{"href":"https:\/\/www.caririemacao.com\/1\/wp-json\/wp\/v2\/posts"}],"about":[{"href":"https:\/\/www.caririemacao.com\/1\/wp-json\/wp\/v2\/types\/post"}],"author":[{"embeddable":true,"href":"https:\/\/www.caririemacao.com\/1\/wp-json\/wp\/v2\/users\/1"}],"replies":[{"embeddable":true,"href":"https:\/\/www.caririemacao.com\/1\/wp-json\/wp\/v2\/comments?post=140136"}],"version-history":[{"count":1,"href":"https:\/\/www.caririemacao.com\/1\/wp-json\/wp\/v2\/posts\/140136\/revisions"}],"predecessor-version":[{"id":140138,"href":"https:\/\/www.caririemacao.com\/1\/wp-json\/wp\/v2\/posts\/140136\/revisions\/140138"}],"wp:featuredmedia":[{"embeddable":true,"href":"https:\/\/www.caririemacao.com\/1\/wp-json\/wp\/v2\/media\/140137"}],"wp:attachment":[{"href":"https:\/\/www.caririemacao.com\/1\/wp-json\/wp\/v2\/media?parent=140136"}],"wp:term":[{"taxonomy":"category","embeddable":true,"href":"https:\/\/www.caririemacao.com\/1\/wp-json\/wp\/v2\/categories?post=140136"},{"taxonomy":"post_tag","embeddable":true,"href":"https:\/\/www.caririemacao.com\/1\/wp-json\/wp\/v2\/tags?post=140136"}],"curies":[{"name":"wp","href":"https:\/\/api.w.org\/{rel}","templated":true}]}}