{"id":140139,"date":"2019-12-09T12:49:31","date_gmt":"2019-12-09T15:49:31","guid":{"rendered":"http:\/\/www.caririemacao.com\/1\/?p=140139"},"modified":"2019-12-09T12:49:31","modified_gmt":"2019-12-09T15:49:31","slug":"datafolha-aponta-moro-com-aprovacao-de-53-acima-de-bolsonaro","status":"publish","type":"post","link":"https:\/\/www.caririemacao.com\/1\/2019\/12\/09\/datafolha-aponta-moro-com-aprovacao-de-53-acima-de-bolsonaro\/","title":{"rendered":"Datafolha aponta Moro com aprova\u00e7\u00e3o de 53%, acima de Bolsonaro"},"content":{"rendered":"\n<p>Pesquisa Datafolha divulgada nesta segunda-feira (9) pelo jornal \u201cFolha de S.Paulo\u201d mostra os \u00edndices de aprova\u00e7\u00e3o de ministros do governo do presidente Jair Bolsonaro. Pelo levantamento, o ministro da Justi\u00e7a e Seguran\u00e7a P\u00fablica, Sergio Moro, continua com a aprova\u00e7\u00e3o (soma dos entrevistados que o avaliam como \u201c\u00f3timo\u201d ou \u201cbom\u201d) maior que a de Bolsonaro.<\/p>\n\n\n\n<p>O instituto indica que Moro \u00e9 conhecido por 93% dos entrevistados, a taxa mais alta entre os ministros. E, dentre os que afirmam conhec\u00ea-lo, Moro foi avaliado como \u00f3timo ou bom por 53%, como regular por 23%, e como ruim ou p\u00e9ssimo por 21%; 3% n\u00e3o responderam.<\/p>\n\n\n\n<p>A pesquisa foi feita nos dias 5 e 6 de dezembro e, no dia 8, o jornal j\u00e1 havia divulgado a avalia\u00e7\u00e3o de Bolsonaro: 30% consideram o governo do presidente \u00f3timo ou bom; 32%, regular; e 36%, ruim ou p\u00e9ssimo; 1% n\u00e3o responderam.<\/p>\n\n\n\n<p>Na pesquisa, os entrevistados eram perguntados se conheciam os nomes de alguns ministros do governo Bolsonaro que seriam citados, mesmo que fosse s\u00f3 de ouvir falar. Em seguida, eram questionados como avaliam o desempenho deles, com base em tudo o que sabiam ou tinham ouvido dizer.<\/p>\n\n\n\n<p>O segundo ministro mais conhecido, com 80%, \u00e9 Paulo Guedes (Economia). Mas o segundo ministro mais bem avaliado agora \u00e9 Damares Alves (Mulher, Fam\u00edlia e Direitos Humanos), com 43%. Na pesquisa anterior, feita em agosto, era Guedes.<\/p>\n\n\n\n<p><strong>Aprova\u00e7\u00e3o de ministros<\/strong><\/p>\n\n\n\n<p>Taxa de \u00f3timo e bom, em %, levando em conta quem diz conhecer o ministro.<\/p>\n\n\n\n<p>Sergio Moro (Justi\u00e7a e Seguran\u00e7a P\u00fablica): 53%<br>Damares Alves (Mulher, Fam\u00edlia e Direitos Humanos): 43%<br>Paulo Guedes (Economia): 39%<br>Abraham Weintraub (Educa\u00e7\u00e3o): 34%<br>Ernesto Ara\u00fajo (Rela\u00e7\u00f5es Exteriores): 33%<br>Tarc\u00edsio Freitas (Infraestrutura): 31%<br>Ricardo Salles (Meio Ambiente): 27%<\/p>\n","protected":false},"excerpt":{"rendered":"<p>Pesquisa Datafolha divulgada nesta segunda-feira (9) pelo jornal \u201cFolha de S.Paulo\u201d mostra os \u00edndices de aprova\u00e7\u00e3o de ministros do governo do presidente Jair Bolsonaro. Pelo&hellip; <\/p>\n","protected":false},"author":1,"featured_media":102746,"comment_status":"closed","ping_status":"closed","sticky":false,"template":"","format":"standard","meta":{"sfsi_plus_gutenberg_text_before_share":"","sfsi_plus_gutenberg_show_text_before_share":"","sfsi_plus_gutenberg_icon_type":"","sfsi_plus_gutenberg_icon_alignemt":"","sfsi_plus_gutenburg_max_per_row":"","footnotes":""},"categories":[11],"tags":[],"class_list":["post-140139","post","type-post","status-publish","format-standard","has-post-thumbnail","hentry","category-politica"],"_links":{"self":[{"href":"https:\/\/www.caririemacao.com\/1\/wp-json\/wp\/v2\/posts\/140139","targetHints":{"allow":["GET"]}}],"collection":[{"href":"https:\/\/www.caririemacao.com\/1\/wp-json\/wp\/v2\/posts"}],"about":[{"href":"https:\/\/www.caririemacao.com\/1\/wp-json\/wp\/v2\/types\/post"}],"author":[{"embeddable":true,"href":"https:\/\/www.caririemacao.com\/1\/wp-json\/wp\/v2\/users\/1"}],"replies":[{"embeddable":true,"href":"https:\/\/www.caririemacao.com\/1\/wp-json\/wp\/v2\/comments?post=140139"}],"version-history":[{"count":1,"href":"https:\/\/www.caririemacao.com\/1\/wp-json\/wp\/v2\/posts\/140139\/revisions"}],"predecessor-version":[{"id":140140,"href":"https:\/\/www.caririemacao.com\/1\/wp-json\/wp\/v2\/posts\/140139\/revisions\/140140"}],"wp:featuredmedia":[{"embeddable":true,"href":"https:\/\/www.caririemacao.com\/1\/wp-json\/wp\/v2\/media\/102746"}],"wp:attachment":[{"href":"https:\/\/www.caririemacao.com\/1\/wp-json\/wp\/v2\/media?parent=140139"}],"wp:term":[{"taxonomy":"category","embeddable":true,"href":"https:\/\/www.caririemacao.com\/1\/wp-json\/wp\/v2\/categories?post=140139"},{"taxonomy":"post_tag","embeddable":true,"href":"https:\/\/www.caririemacao.com\/1\/wp-json\/wp\/v2\/tags?post=140139"}],"curies":[{"name":"wp","href":"https:\/\/api.w.org\/{rel}","templated":true}]}}