{"id":140142,"date":"2019-12-09T12:52:52","date_gmt":"2019-12-09T15:52:52","guid":{"rendered":"http:\/\/www.caririemacao.com\/1\/?p=140142"},"modified":"2019-12-09T12:52:52","modified_gmt":"2019-12-09T15:52:52","slug":"o-blog-do-didi-recebe-premio-referencia-2019","status":"publish","type":"post","link":"https:\/\/www.caririemacao.com\/1\/2019\/12\/09\/o-blog-do-didi-recebe-premio-referencia-2019\/","title":{"rendered":"O Blog do Didi recebe Pr\u00eamio Refer\u00eancia 2019"},"content":{"rendered":"\n<p>O Blog do Didi, recebeu na noite deste s\u00e1bado 07 de Dezembro, o PR\u00caMIO REFER\u00caNCIA 2019, que \u00e9 promovido pelo portal de not\u00edcias CARIRI EM A\u00c7\u00c3O. Tamb\u00e9m est\u00e1 recebendo o PR\u00caMIO REFER\u00caNCIA 2019, na categoria professora a minha esposa Adriana Gercina Fagundes.<\/p>\n\n\n\n<p>O Blog, foi escolhido pela sexta vez seguida como o melhor Blog no munic\u00edpio de S\u00e3o Sebasti\u00e3o do Umbuzeiro, a pesquisa de opini\u00e3o foi feita com v\u00e1rios sites e blogs da regi\u00e3o.<\/p>\n\n\n\n<p>A escolha das referencias \u00e9 realizada atrav\u00e9s de vota\u00e7\u00e3o popular feita em cada um dos munic\u00edpios, onde s\u00e3o escolhidos pela popula\u00e7\u00e3o as referencias entre empres\u00e1rios, empreendedores, agentes p\u00fablicos, imprensa e ouras categorias.<\/p>\n\n\n\n<figure class=\"wp-block-image\"><img decoding=\"async\" data-src=\"https:\/\/cdn.shortpixel.ai\/client\/to_webp,q_glossy,ret_img,w_960\/http:\/\/www.blogdodidi.com.br\/wp-content\/uploads\/2019\/12\/premio-2019.jpg\" alt=\"\" class=\"wp-image-97642 lazyload\" src=\"data:image\/svg+xml;base64,PHN2ZyB3aWR0aD0iMSIgaGVpZ2h0PSIxIiB4bWxucz0iaHR0cDovL3d3dy53My5vcmcvMjAwMC9zdmciPjwvc3ZnPg==\" \/><\/figure>\n\n\n\n<p>Mais uma vez quero agradecer a Deus e aos amigos que escolheram o Blog como o preferido de S\u00e3o Sebasti\u00e3o do Umbuzeiro, meu muito obrigado a todos os Umbuzeirenses que votaram na minha esposa e no Blog que Deus, aben\u00e7oe todos voc\u00eas!<\/p>\n\n\n\n<figure class=\"wp-block-image\"><img decoding=\"async\" data-src=\"https:\/\/cdn.shortpixel.ai\/client\/to_webp,q_glossy,ret_img,w_959\/http:\/\/www.blogdodidi.com.br\/wp-content\/uploads\/2019\/12\/eue-adriana.jpg\" alt=\"\" class=\"wp-image-97628 lazyload\" src=\"data:image\/svg+xml;base64,PHN2ZyB3aWR0aD0iMSIgaGVpZ2h0PSIxIiB4bWxucz0iaHR0cDovL3d3dy53My5vcmcvMjAwMC9zdmciPjwvc3ZnPg==\" \/><\/figure>\n","protected":false},"excerpt":{"rendered":"<p>O Blog do Didi, recebeu na noite deste s\u00e1bado 07 de Dezembro, o PR\u00caMIO REFER\u00caNCIA 2019, que \u00e9 promovido pelo portal de not\u00edcias CARIRI EM&hellip; <\/p>\n","protected":false},"author":1,"featured_media":140143,"comment_status":"closed","ping_status":"closed","sticky":false,"template":"","format":"standard","meta":{"sfsi_plus_gutenberg_text_before_share":"","sfsi_plus_gutenberg_show_text_before_share":"","sfsi_plus_gutenberg_icon_type":"","sfsi_plus_gutenberg_icon_alignemt":"","sfsi_plus_gutenburg_max_per_row":"","footnotes":""},"categories":[2],"tags":[],"class_list":["post-140142","post","type-post","status-publish","format-standard","has-post-thumbnail","hentry","category-geral"],"_links":{"self":[{"href":"https:\/\/www.caririemacao.com\/1\/wp-json\/wp\/v2\/posts\/140142","targetHints":{"allow":["GET"]}}],"collection":[{"href":"https:\/\/www.caririemacao.com\/1\/wp-json\/wp\/v2\/posts"}],"about":[{"href":"https:\/\/www.caririemacao.com\/1\/wp-json\/wp\/v2\/types\/post"}],"author":[{"embeddable":true,"href":"https:\/\/www.caririemacao.com\/1\/wp-json\/wp\/v2\/users\/1"}],"replies":[{"embeddable":true,"href":"https:\/\/www.caririemacao.com\/1\/wp-json\/wp\/v2\/comments?post=140142"}],"version-history":[{"count":1,"href":"https:\/\/www.caririemacao.com\/1\/wp-json\/wp\/v2\/posts\/140142\/revisions"}],"predecessor-version":[{"id":140144,"href":"https:\/\/www.caririemacao.com\/1\/wp-json\/wp\/v2\/posts\/140142\/revisions\/140144"}],"wp:featuredmedia":[{"embeddable":true,"href":"https:\/\/www.caririemacao.com\/1\/wp-json\/wp\/v2\/media\/140143"}],"wp:attachment":[{"href":"https:\/\/www.caririemacao.com\/1\/wp-json\/wp\/v2\/media?parent=140142"}],"wp:term":[{"taxonomy":"category","embeddable":true,"href":"https:\/\/www.caririemacao.com\/1\/wp-json\/wp\/v2\/categories?post=140142"},{"taxonomy":"post_tag","embeddable":true,"href":"https:\/\/www.caririemacao.com\/1\/wp-json\/wp\/v2\/tags?post=140142"}],"curies":[{"name":"wp","href":"https:\/\/api.w.org\/{rel}","templated":true}]}}