{"id":140146,"date":"2019-12-09T12:53:56","date_gmt":"2019-12-09T15:53:56","guid":{"rendered":"http:\/\/www.caririemacao.com\/1\/?p=140146"},"modified":"2019-12-09T12:53:56","modified_gmt":"2019-12-09T15:53:56","slug":"secretario-paulo-feitosa-de-sao-sebastiao-do-umbuzeiro-recebe-premio-referencia-2019","status":"publish","type":"post","link":"https:\/\/www.caririemacao.com\/1\/2019\/12\/09\/secretario-paulo-feitosa-de-sao-sebastiao-do-umbuzeiro-recebe-premio-referencia-2019\/","title":{"rendered":"Secret\u00e1rio Paulo Feitosa, de S\u00e3o Sebasti\u00e3o do Umbuzeiro Recebe Pr\u00eamio Refer\u00eancia 2019"},"content":{"rendered":"\n<p>O Secret\u00e1rio de Infraestrutura de S\u00e3o Sebasti\u00e3o do Umbuzeiro, Paulo Feitosa, recebeu na noite deste s\u00e1bado (07), na cidade de Monteiro&nbsp; o Pr\u00eamio Refer\u00eancia 2019, segundo pesquisa realizada pelo Site Cariri em A\u00e7\u00e3o.<\/p>\n\n\n\n<p>A popula\u00e7\u00e3o de S\u00e3o Sebasti\u00e3o do Umbuzeiro, aprovou o trabalho do Secret\u00e1rio de Agricultura, Paulo Feitosa, dando o Pr\u00eamio Refer\u00eancia 2019.<\/p>\n\n\n\n<p>O resultado de tudo isso \u00e9 um trabalho com dignidade com a popula\u00e7\u00e3o S\u00e3o-Sebastianense. Dentro das possibilidades sempre estarei presente, ajudando a popula\u00e7\u00e3o do munic\u00edpio e a Administra\u00e7\u00e3o do preito Adriano Wolff, disse o secretario Paulo.<\/p>\n\n\n\n<p>Blog do Didi<\/p>\n","protected":false},"excerpt":{"rendered":"<p>O Secret\u00e1rio de Infraestrutura de S\u00e3o Sebasti\u00e3o do Umbuzeiro, Paulo Feitosa, recebeu na noite deste s\u00e1bado (07), na cidade de Monteiro&nbsp; o Pr\u00eamio Refer\u00eancia 2019,&hellip; <\/p>\n","protected":false},"author":1,"featured_media":140147,"comment_status":"closed","ping_status":"closed","sticky":false,"template":"","format":"standard","meta":{"sfsi_plus_gutenberg_text_before_share":"","sfsi_plus_gutenberg_show_text_before_share":"","sfsi_plus_gutenberg_icon_type":"","sfsi_plus_gutenberg_icon_alignemt":"","sfsi_plus_gutenburg_max_per_row":"","footnotes":""},"categories":[2],"tags":[],"class_list":["post-140146","post","type-post","status-publish","format-standard","has-post-thumbnail","hentry","category-geral"],"_links":{"self":[{"href":"https:\/\/www.caririemacao.com\/1\/wp-json\/wp\/v2\/posts\/140146","targetHints":{"allow":["GET"]}}],"collection":[{"href":"https:\/\/www.caririemacao.com\/1\/wp-json\/wp\/v2\/posts"}],"about":[{"href":"https:\/\/www.caririemacao.com\/1\/wp-json\/wp\/v2\/types\/post"}],"author":[{"embeddable":true,"href":"https:\/\/www.caririemacao.com\/1\/wp-json\/wp\/v2\/users\/1"}],"replies":[{"embeddable":true,"href":"https:\/\/www.caririemacao.com\/1\/wp-json\/wp\/v2\/comments?post=140146"}],"version-history":[{"count":1,"href":"https:\/\/www.caririemacao.com\/1\/wp-json\/wp\/v2\/posts\/140146\/revisions"}],"predecessor-version":[{"id":140148,"href":"https:\/\/www.caririemacao.com\/1\/wp-json\/wp\/v2\/posts\/140146\/revisions\/140148"}],"wp:featuredmedia":[{"embeddable":true,"href":"https:\/\/www.caririemacao.com\/1\/wp-json\/wp\/v2\/media\/140147"}],"wp:attachment":[{"href":"https:\/\/www.caririemacao.com\/1\/wp-json\/wp\/v2\/media?parent=140146"}],"wp:term":[{"taxonomy":"category","embeddable":true,"href":"https:\/\/www.caririemacao.com\/1\/wp-json\/wp\/v2\/categories?post=140146"},{"taxonomy":"post_tag","embeddable":true,"href":"https:\/\/www.caririemacao.com\/1\/wp-json\/wp\/v2\/tags?post=140146"}],"curies":[{"name":"wp","href":"https:\/\/api.w.org\/{rel}","templated":true}]}}