{"id":140150,"date":"2019-12-09T12:56:04","date_gmt":"2019-12-09T15:56:04","guid":{"rendered":"http:\/\/www.caririemacao.com\/1\/?p=140150"},"modified":"2019-12-09T12:56:04","modified_gmt":"2019-12-09T15:56:04","slug":"nao-posso-perder-tempo-alimentando-esse-tipo-de-picuinha-dispara-joao-contra-declaracoes-de-rc","status":"publish","type":"post","link":"https:\/\/www.caririemacao.com\/1\/2019\/12\/09\/nao-posso-perder-tempo-alimentando-esse-tipo-de-picuinha-dispara-joao-contra-declaracoes-de-rc\/","title":{"rendered":"\u201cN\u00e3o posso perder tempo alimentando esse tipo de picuinha\u201d, dispara Jo\u00e3o contra declara\u00e7\u00f5es de RC"},"content":{"rendered":"\n<p>O governador Jo\u00e3o Azev\u00eado n\u00e3o vai mais rebater as declara\u00e7\u00f5es do ex-governador Ricardo Coutinho (PSB). O basta foi dado na manh\u00e3 desta segunda-feira (9), quando o gestor declarou que n\u00e3o vai alimentar \u201cessa picuinha pol\u00edtica\u201d. As afirmativas acontecem depois do ex-governador publicar em suas redes sociais que a atual gest\u00e3o \u00e9 de continuidade, inaugurando obras deixadas por ele.<\/p>\n\n\n\n<p>Jo\u00e3o afirmou que n\u00e3o viu as publica\u00e7\u00f5es, mas prefere manter o foco no avan\u00e7o do Estado, fazendo novas obras e lembrou que sua preocupa\u00e7\u00e3o \u00e9 fazer o melhor pelo povo que o elegeu. Ele tamb\u00e9m comentou que n\u00e3o pode ficar alimentando \u201cpicuinha pol\u00edtica que n\u00e3o faz parte do meu perfil\u201d.<\/p>\n\n\n\n<p>\u201cN\u00e3o vi isso n\u00e3o. O foco est\u00e1 aqui. \u00c9 fazer a Para\u00edba avan\u00e7ar, fazer com que a gente continue implementando e iniciando novas obras. O povo me elegeu em outubro do ano passado para governar a Para\u00edba e continuar avan\u00e7ando. \u00c9 com isso que estou preocupado. N\u00e3o posso perder tempo alimentando esse tipo de discuss\u00e3o, de picuinha pol\u00edtica que n\u00e3o faz parte do meu perfil\u201d, afirmou.<\/p>\n\n\n\n<p>Para\u00edba J\u00e1<\/p>\n\n\n\n<p><br><\/p>\n","protected":false},"excerpt":{"rendered":"<p>O governador Jo\u00e3o Azev\u00eado n\u00e3o vai mais rebater as declara\u00e7\u00f5es do ex-governador Ricardo Coutinho (PSB). O basta foi dado na manh\u00e3 desta segunda-feira (9), quando&hellip; <\/p>\n","protected":false},"author":1,"featured_media":111997,"comment_status":"closed","ping_status":"closed","sticky":false,"template":"","format":"standard","meta":{"sfsi_plus_gutenberg_text_before_share":"","sfsi_plus_gutenberg_show_text_before_share":"","sfsi_plus_gutenberg_icon_type":"","sfsi_plus_gutenberg_icon_alignemt":"","sfsi_plus_gutenburg_max_per_row":"","footnotes":""},"categories":[11],"tags":[],"class_list":["post-140150","post","type-post","status-publish","format-standard","has-post-thumbnail","hentry","category-politica"],"_links":{"self":[{"href":"https:\/\/www.caririemacao.com\/1\/wp-json\/wp\/v2\/posts\/140150","targetHints":{"allow":["GET"]}}],"collection":[{"href":"https:\/\/www.caririemacao.com\/1\/wp-json\/wp\/v2\/posts"}],"about":[{"href":"https:\/\/www.caririemacao.com\/1\/wp-json\/wp\/v2\/types\/post"}],"author":[{"embeddable":true,"href":"https:\/\/www.caririemacao.com\/1\/wp-json\/wp\/v2\/users\/1"}],"replies":[{"embeddable":true,"href":"https:\/\/www.caririemacao.com\/1\/wp-json\/wp\/v2\/comments?post=140150"}],"version-history":[{"count":1,"href":"https:\/\/www.caririemacao.com\/1\/wp-json\/wp\/v2\/posts\/140150\/revisions"}],"predecessor-version":[{"id":140151,"href":"https:\/\/www.caririemacao.com\/1\/wp-json\/wp\/v2\/posts\/140150\/revisions\/140151"}],"wp:featuredmedia":[{"embeddable":true,"href":"https:\/\/www.caririemacao.com\/1\/wp-json\/wp\/v2\/media\/111997"}],"wp:attachment":[{"href":"https:\/\/www.caririemacao.com\/1\/wp-json\/wp\/v2\/media?parent=140150"}],"wp:term":[{"taxonomy":"category","embeddable":true,"href":"https:\/\/www.caririemacao.com\/1\/wp-json\/wp\/v2\/categories?post=140150"},{"taxonomy":"post_tag","embeddable":true,"href":"https:\/\/www.caririemacao.com\/1\/wp-json\/wp\/v2\/tags?post=140150"}],"curies":[{"name":"wp","href":"https:\/\/api.w.org\/{rel}","templated":true}]}}