{"id":140161,"date":"2019-12-09T13:01:55","date_gmt":"2019-12-09T16:01:55","guid":{"rendered":"http:\/\/www.caririemacao.com\/1\/?p=140161"},"modified":"2019-12-09T13:01:55","modified_gmt":"2019-12-09T16:01:55","slug":"planalto-diz-que-embaixador-deve-ser-o-representante-do-governo-na-posse-de-fernandez","status":"publish","type":"post","link":"https:\/\/www.caririemacao.com\/1\/2019\/12\/09\/planalto-diz-que-embaixador-deve-ser-o-representante-do-governo-na-posse-de-fernandez\/","title":{"rendered":"Planalto diz que embaixador deve ser o representante do governo na posse de Fern\u00e1ndez"},"content":{"rendered":"\n<p>O Pal\u00e1cio do Planalto informou nesta segunda-feira (9) que o embaixador do Brasil em Buenos Aires, Sergio Danese, deve ser o representante do governo brasileiro na posse do novo presidente da Argentina, Alberto Fern\u00e1ndez. A posse est\u00e1 marcada para esta ter\u00e7a (10).<\/p>\n\n\n\n<p>&#8220;At\u00e9 o momento, apenas o embaixador do Brasil em Buenos Aires, Sergio Danese, vai representar o governo&#8221;, informou a Presid\u00eancia.<\/p>\n\n\n\n<p>Esta deve ser a primeira vez desde 2003 que o chefe de Estado brasileiro n\u00e3o ir\u00e1 \u00e0 posse do novo presidente argentino.<\/p>\n\n\n\n<p>Durante a campanha presidencial na Argentina, Bolsonaro fez diversas cr\u00edticas a Fern\u00e1ndez e defendeu reiteradas vezes a reelei\u00e7\u00e3o de Mauricio Macri, que perdeu no primeiro turno.<\/p>\n\n\n\n<p>Bolsonaro chegou a dizer que, se Fern\u00e1ndez fosse eleito, a Argentina se tornaria uma &#8220;nova Venezuela&#8221; e, por isso, cidad\u00e3os argentinos fugiriam para o Rio Grande do Sul, assim como venezuelanos fugiram para Roraima.<\/p>\n\n\n\n<p>Ap\u00f3s a elei\u00e7\u00e3o, Bolsonaro disse que n\u00e3o cumprimentaria Fern\u00e1ndez, acrescentando que a popula\u00e7\u00e3o argentina escolheu &#8220;mal&#8221; o novo presidente.<\/p>\n\n\n\n<p><strong>Lista de convidados<\/strong><\/p>\n\n\n\n<p>O Planalto chegou a anunciar, em novembro, que o presidente Jair Bolsonaro havia escolhido o ministro da Cidadania, Osmar Terra, para represent\u00e1-lo na posse de Fern\u00e1ndez, que marca a volta da esquerda ao poder na Argentina.<\/p>\n\n\n\n<p>Nesta segunda-feira (9), Bolsonaro foi perguntado por jornalistas, na sa\u00edda do Pal\u00e1cio da Alvorada, se Terra n\u00e3o iria mais \u00e0 posse de Fern\u00e1ndez e qual o motivo da decis\u00e3o. Bolsonaro disse analisar a lista de convidados da solenidade.<\/p>\n\n\n\n<p>\u201cPrimeiro, estou analisando a lista de convidados por parte dele. Quando eu assumi aqui, n\u00e3o convidei algumas autoridades tamb\u00e9m. E o nosso com\u00e9rcio com a Argentina continua sendo da mesma forma, sem problema nenhum. N\u00e3o vai interferir em nada\u201d, disse.<\/p>\n\n\n\n<p>Bolsonaro n\u00e3o citou nomes que lhe desagradam na lista de l\u00edderes estrangeiros que ir\u00e3o \u00e0 posse de Fern\u00e1ndez.<\/p>\n\n\n\n<p>De acordo com o colunista do G1 Gerson Camarotti, pesou na decis\u00e3o de Bolsonaro o fato de terem sido convidados os ex-presidentes Evo Morales, da Bol\u00edvia, e Ra\u00fal Castro, de Cuba. Ambos pertencem ao campo ideol\u00f3gico oposto ao de Bolsonaro.<\/p>\n\n\n\n<p>Na sua posse como presidente, em janeiro, Bolsonaro orientou ao Minist\u00e9rio das Rela\u00e7\u00f5es Exteriores desconvidar para as solenidades em Bras\u00edlia os chefes de Estado e de governo de Cuba e da Venezuela.<\/p>\n\n\n\n<p>Rodrigo Maia se encontra com Alberto Fern\u00e1ndez, novo presidente da Argentina<\/p>\n\n\n\n<p><strong>Brasileiros na posse da Argentina<\/strong><\/p>\n\n\n\n<p>Saiba qual chefe de Estado brasileiro esteve nas posses de novos presidentes argentinos:<\/p>\n\n\n\n<p>2015: Dilma compareceu \u00e0 posse de Mauricio Macri;<\/p>\n\n\n\n<p>2011: Dilma esteve na posse de Cristina Kirchner;<\/p>\n\n\n\n<p>2007: Lula participou da posse de Cristina Kirchner;<\/p>\n\n\n\n<p>2003: Lula compareceu \u00e0 posse de Nestor Kirchner;<\/p>\n\n\n\n<p>2002: Fernando Henrique n\u00e3o compareceu \u00e0 posse de Eduardo Duhalde, eleito pelo Congresso;<\/p>\n\n\n\n<p>2001: Fernando Henrique n\u00e3o foi \u00e0 posse de Adolfo Rodr\u00edguez Sa\u00e1, eleito pelo Congresso;<\/p>\n\n\n\n<p>1999: Fernando Henrique Cardoso foi \u00e0 posse de Fernando de la Rua;<\/p>\n\n\n\n<p>1995: Fernando Henrique Cardoso esteve na posse de Carlos Menen;<\/p>\n\n\n\n<p>1989: Jos\u00e9 Sarney foi na posse de Carlos Menen.<\/p>\n","protected":false},"excerpt":{"rendered":"<p>O Pal\u00e1cio do Planalto informou nesta segunda-feira (9) que o embaixador do Brasil em Buenos Aires, Sergio Danese, deve ser o representante do governo brasileiro&hellip; <\/p>\n","protected":false},"author":1,"featured_media":140162,"comment_status":"closed","ping_status":"closed","sticky":false,"template":"","format":"standard","meta":{"sfsi_plus_gutenberg_text_before_share":"","sfsi_plus_gutenberg_show_text_before_share":"","sfsi_plus_gutenberg_icon_type":"","sfsi_plus_gutenberg_icon_alignemt":"","sfsi_plus_gutenburg_max_per_row":"","footnotes":""},"categories":[11],"tags":[],"class_list":["post-140161","post","type-post","status-publish","format-standard","has-post-thumbnail","hentry","category-politica"],"_links":{"self":[{"href":"https:\/\/www.caririemacao.com\/1\/wp-json\/wp\/v2\/posts\/140161","targetHints":{"allow":["GET"]}}],"collection":[{"href":"https:\/\/www.caririemacao.com\/1\/wp-json\/wp\/v2\/posts"}],"about":[{"href":"https:\/\/www.caririemacao.com\/1\/wp-json\/wp\/v2\/types\/post"}],"author":[{"embeddable":true,"href":"https:\/\/www.caririemacao.com\/1\/wp-json\/wp\/v2\/users\/1"}],"replies":[{"embeddable":true,"href":"https:\/\/www.caririemacao.com\/1\/wp-json\/wp\/v2\/comments?post=140161"}],"version-history":[{"count":1,"href":"https:\/\/www.caririemacao.com\/1\/wp-json\/wp\/v2\/posts\/140161\/revisions"}],"predecessor-version":[{"id":140163,"href":"https:\/\/www.caririemacao.com\/1\/wp-json\/wp\/v2\/posts\/140161\/revisions\/140163"}],"wp:featuredmedia":[{"embeddable":true,"href":"https:\/\/www.caririemacao.com\/1\/wp-json\/wp\/v2\/media\/140162"}],"wp:attachment":[{"href":"https:\/\/www.caririemacao.com\/1\/wp-json\/wp\/v2\/media?parent=140161"}],"wp:term":[{"taxonomy":"category","embeddable":true,"href":"https:\/\/www.caririemacao.com\/1\/wp-json\/wp\/v2\/categories?post=140161"},{"taxonomy":"post_tag","embeddable":true,"href":"https:\/\/www.caririemacao.com\/1\/wp-json\/wp\/v2\/tags?post=140161"}],"curies":[{"name":"wp","href":"https:\/\/api.w.org\/{rel}","templated":true}]}}