{"id":140164,"date":"2019-12-09T13:02:33","date_gmt":"2019-12-09T16:02:33","guid":{"rendered":"http:\/\/www.caririemacao.com\/1\/?p=140164"},"modified":"2019-12-09T13:02:33","modified_gmt":"2019-12-09T16:02:33","slug":"idoso-cai-em-cisterna-do-vizinho-e-morre-afogado","status":"publish","type":"post","link":"https:\/\/www.caririemacao.com\/1\/2019\/12\/09\/idoso-cai-em-cisterna-do-vizinho-e-morre-afogado\/","title":{"rendered":"Idoso cai em cisterna do vizinho e morre afogado"},"content":{"rendered":"\n<p>Um idoso de 63 anos morreu afogado, na noite deste domingo (8), ap\u00f3s cair na cisterna do vizinho, no s\u00edtio Jenipapo, na PB-063, pr\u00f3ximo \u00e0 Alagoinha, na Para\u00edba.&nbsp;&nbsp;<\/p>\n\n\n\n<p>De acordo com os Bombeiros, a&nbsp;guarni\u00e7\u00e3o de Busca e Salvamento (ABS-17),&nbsp;foi acionada para retirar o corpo de um idoso de dentro de uma cisterna.<\/p>\n\n\n\n<p>N\u00e3o foi informado o que a v\u00edtima estaria fazendo no local.&nbsp;A Pol\u00edcia vai investigar o acidente.<\/p>\n\n\n\n<p>Fonte: ClickPB<\/p>\n","protected":false},"excerpt":{"rendered":"<p>Um idoso de 63 anos morreu afogado, na noite deste domingo (8), ap\u00f3s cair na cisterna do vizinho, no s\u00edtio Jenipapo, na PB-063, pr\u00f3ximo \u00e0&hellip; <\/p>\n","protected":false},"author":1,"featured_media":140165,"comment_status":"closed","ping_status":"closed","sticky":false,"template":"","format":"standard","meta":{"sfsi_plus_gutenberg_text_before_share":"","sfsi_plus_gutenberg_show_text_before_share":"","sfsi_plus_gutenberg_icon_type":"","sfsi_plus_gutenberg_icon_alignemt":"","sfsi_plus_gutenburg_max_per_row":"","footnotes":""},"categories":[12],"tags":[],"class_list":["post-140164","post","type-post","status-publish","format-standard","has-post-thumbnail","hentry","category-policia"],"_links":{"self":[{"href":"https:\/\/www.caririemacao.com\/1\/wp-json\/wp\/v2\/posts\/140164","targetHints":{"allow":["GET"]}}],"collection":[{"href":"https:\/\/www.caririemacao.com\/1\/wp-json\/wp\/v2\/posts"}],"about":[{"href":"https:\/\/www.caririemacao.com\/1\/wp-json\/wp\/v2\/types\/post"}],"author":[{"embeddable":true,"href":"https:\/\/www.caririemacao.com\/1\/wp-json\/wp\/v2\/users\/1"}],"replies":[{"embeddable":true,"href":"https:\/\/www.caririemacao.com\/1\/wp-json\/wp\/v2\/comments?post=140164"}],"version-history":[{"count":1,"href":"https:\/\/www.caririemacao.com\/1\/wp-json\/wp\/v2\/posts\/140164\/revisions"}],"predecessor-version":[{"id":140166,"href":"https:\/\/www.caririemacao.com\/1\/wp-json\/wp\/v2\/posts\/140164\/revisions\/140166"}],"wp:featuredmedia":[{"embeddable":true,"href":"https:\/\/www.caririemacao.com\/1\/wp-json\/wp\/v2\/media\/140165"}],"wp:attachment":[{"href":"https:\/\/www.caririemacao.com\/1\/wp-json\/wp\/v2\/media?parent=140164"}],"wp:term":[{"taxonomy":"category","embeddable":true,"href":"https:\/\/www.caririemacao.com\/1\/wp-json\/wp\/v2\/categories?post=140164"},{"taxonomy":"post_tag","embeddable":true,"href":"https:\/\/www.caririemacao.com\/1\/wp-json\/wp\/v2\/tags?post=140164"}],"curies":[{"name":"wp","href":"https:\/\/api.w.org\/{rel}","templated":true}]}}