{"id":140168,"date":"2019-12-09T13:03:47","date_gmt":"2019-12-09T16:03:47","guid":{"rendered":"http:\/\/www.caririemacao.com\/1\/?p=140168"},"modified":"2019-12-09T13:03:47","modified_gmt":"2019-12-09T16:03:47","slug":"joao-e-governadores-do-ne-se-manifestaram-contra-relatorio-do-pl-que-altera-lei-do-saneamento","status":"publish","type":"post","link":"https:\/\/www.caririemacao.com\/1\/2019\/12\/09\/joao-e-governadores-do-ne-se-manifestaram-contra-relatorio-do-pl-que-altera-lei-do-saneamento\/","title":{"rendered":"Jo\u00e3o e governadores do NE se manifestaram contra relat\u00f3rio do PL que altera Lei do Saneamento"},"content":{"rendered":"\n<p>O governador da Para\u00edba, Jo\u00e3o Azev\u00eado (PSB), al\u00e9m de outros 8 governadores do Nordeste, emitiram nota manifestando discord\u00e2ncia sobre o relat\u00f3rio apresentado pelo relator do Projeto de Lei (PL), o deputado federal Geninho Zuliani (DEM), que altera a Lei Nacional de Saneamento B\u00e1sico.<\/p>\n\n\n\n<p>Segundo a documento, a proposta do deputado federal ao inv\u00e9s de facilitar a universaliza\u00e7\u00e3o do acesso aos servi\u00e7os p\u00fablicos de saneamento, desestrutura o setor. \u201cMutilar a legisla\u00e7\u00e3o atual com dispositivos inconstitucionais, a pretexto de facilitar a participa\u00e7\u00e3o privada, causar\u00e1 inseguran\u00e7a jur\u00eddica e paralisar\u00e1 o setor\u201d, diz o texto.<\/p>\n\n\n\n<p>Confira a nota na \u00edntegra:<\/p>\n\n\n\n<p>N\u00f3s, governadores membros do Cons\u00f3rcio Nordeste, vimos a p\u00fablico manifestar nossa discord\u00e2ncia com o relat\u00f3rio apresentado pelo deputado federal Geninho Zuliani, relator do PL 3.261\/2019 que altera a Lei Nacional de Saneamento B\u00e1sico.<\/p>\n\n\n\n<p>Mutilar a legisla\u00e7\u00e3o atual com dispositivos inconstitucionais, a pretexto de facilitar a participa\u00e7\u00e3o privada, causar\u00e1 inseguran\u00e7a jur\u00eddica e paralisar\u00e1 o setor.\n\n<\/p>\n","protected":false},"excerpt":{"rendered":"<p>O governador da Para\u00edba, Jo\u00e3o Azev\u00eado (PSB), al\u00e9m de outros 8 governadores do Nordeste, emitiram nota manifestando discord\u00e2ncia sobre o relat\u00f3rio apresentado pelo relator do&hellip; <\/p>\n","protected":false},"author":1,"featured_media":140169,"comment_status":"closed","ping_status":"closed","sticky":false,"template":"","format":"standard","meta":{"sfsi_plus_gutenberg_text_before_share":"","sfsi_plus_gutenberg_show_text_before_share":"","sfsi_plus_gutenberg_icon_type":"","sfsi_plus_gutenberg_icon_alignemt":"","sfsi_plus_gutenburg_max_per_row":"","footnotes":""},"categories":[11],"tags":[],"class_list":["post-140168","post","type-post","status-publish","format-standard","has-post-thumbnail","hentry","category-politica"],"_links":{"self":[{"href":"https:\/\/www.caririemacao.com\/1\/wp-json\/wp\/v2\/posts\/140168","targetHints":{"allow":["GET"]}}],"collection":[{"href":"https:\/\/www.caririemacao.com\/1\/wp-json\/wp\/v2\/posts"}],"about":[{"href":"https:\/\/www.caririemacao.com\/1\/wp-json\/wp\/v2\/types\/post"}],"author":[{"embeddable":true,"href":"https:\/\/www.caririemacao.com\/1\/wp-json\/wp\/v2\/users\/1"}],"replies":[{"embeddable":true,"href":"https:\/\/www.caririemacao.com\/1\/wp-json\/wp\/v2\/comments?post=140168"}],"version-history":[{"count":1,"href":"https:\/\/www.caririemacao.com\/1\/wp-json\/wp\/v2\/posts\/140168\/revisions"}],"predecessor-version":[{"id":140170,"href":"https:\/\/www.caririemacao.com\/1\/wp-json\/wp\/v2\/posts\/140168\/revisions\/140170"}],"wp:featuredmedia":[{"embeddable":true,"href":"https:\/\/www.caririemacao.com\/1\/wp-json\/wp\/v2\/media\/140169"}],"wp:attachment":[{"href":"https:\/\/www.caririemacao.com\/1\/wp-json\/wp\/v2\/media?parent=140168"}],"wp:term":[{"taxonomy":"category","embeddable":true,"href":"https:\/\/www.caririemacao.com\/1\/wp-json\/wp\/v2\/categories?post=140168"},{"taxonomy":"post_tag","embeddable":true,"href":"https:\/\/www.caririemacao.com\/1\/wp-json\/wp\/v2\/tags?post=140168"}],"curies":[{"name":"wp","href":"https:\/\/api.w.org\/{rel}","templated":true}]}}