{"id":140173,"date":"2019-12-09T13:45:13","date_gmt":"2019-12-09T16:45:13","guid":{"rendered":"http:\/\/www.caririemacao.com\/1\/?p=140173"},"modified":"2019-12-09T13:45:13","modified_gmt":"2019-12-09T16:45:13","slug":"moro-diz-que-prisao-em-segunda-instancia-e-imprescindivel","status":"publish","type":"post","link":"https:\/\/www.caririemacao.com\/1\/2019\/12\/09\/moro-diz-que-prisao-em-segunda-instancia-e-imprescindivel\/","title":{"rendered":"Moro diz que pris\u00e3o em segunda inst\u00e2ncia \u00e9 imprescind\u00edvel"},"content":{"rendered":"\n<p>O ministro da Justi\u00e7a e Seguran\u00e7a P\u00fablica, Sergio Moro, defendeu hoje (9), como imprescind\u00edvel, a pris\u00e3o em segunda inst\u00e2ncia. &#8221; [Tivemos] alguns reveses [no combate] contra a corrup\u00e7\u00e3o que n\u00e3o vieram do governo, que temos que trabalhar e temos que olhar o futuro. E para esse futuro, \u00e9 realmente imprescind\u00edvel a volta da execu\u00e7\u00e3o da condena\u00e7\u00e3o em segunda inst\u00e2ncia, por emenda constitucional ou por projetos de lei, e essa decis\u00e3o cabe ao Congresso Nacional e aos parlamentares&#8221;, disse o ministro na sess\u00e3o solene na C\u00e2mara dos Deputados em homenagem ao Dia Internacional Contra a Corrup\u00e7\u00e3o.<\/p>\n\n\n\n<p>Em seu discurso, Moro disse ainda que a corrup\u00e7\u00e3o no Brasil \u00e9 um crime que n\u00e3o afeta apenas o nosso bem-estar econ\u00f4mico, mas tamb\u00e9m a confian\u00e7a na a\u00e7\u00e3o dos agentes p\u00fablicos, &#8220;um dos pilares da nossa democracia\u201d.<\/p>\n\n\n\n<p>\u201cN\u00e3o existe nada radical em combater a corrup\u00e7\u00e3o, \u00e9 basicamente nosso dever. Mas sem que tenhamos um combate firme, sem vacila\u00e7\u00f5es, sem querer retornar ao status quo antes, olhando para frente e n\u00e3o o passado, que queremos deixar para tr\u00e1s, n\u00e3o teremos uma verdadeira democracia&#8221;, afirmou.<\/p>\n\n\n\n<h2 class=\"wp-block-heading\">Discuss\u00e3o<\/h2>\n\n\n\n<p>A volta da pris\u00e3o ap\u00f3s condena\u00e7\u00e3o em segunda inst\u00e2ncia \u00e9 tratada em duas iniciativas. Uma&nbsp;<a href=\"https:\/\/www.camara.leg.br\/proposicoesWeb\/prop_mostrarintegra;jsessionid=B65E7DD6D8BB378107C1A3CFDE1031B6.proposicoesWebExterno1?codteor=1835285&amp;filename=PEC+199\/2019\" target=\"_blank\" rel=\"noreferrer noopener\">proposta de emenda \u00e0 Constitui\u00e7\u00e3o<\/a>, que tramita na C\u00e2mara dos Deputados, e um projeto de Lei do Senado, o&nbsp;<a href=\"https:\/\/legis.senado.leg.br\/sdleg-getter\/documento?dm=7715945&amp;ts=1575640702828&amp;disposition=inline\" target=\"_blank\" rel=\"noreferrer noopener\">PLS 166\/18<\/a>, que altera o C\u00f3digo de Processo Penal.<\/p>\n\n\n\n<p>A presidente da Comiss\u00e3o de Constitui\u00e7\u00e3o e Justi\u00e7a (CCJ) do Senado, Simone Tebet (MDB-MS),&nbsp;<a href=\"http:\/\/agenciabrasil.ebc.com.br\/politica\/noticia\/2019-12\/ccj-do-senado-contraria-acordo-e-pauta-votacao-de-segunda-instancia\" target=\"_blank\" rel=\"noreferrer noopener\">anunciou na semana passada<\/a>&nbsp;que pretende votar amanh\u00e3 (10) o texto na comiss\u00e3o. Segundo a senadora, o projeto ser\u00e1 o primeiro item da pauta.<\/p>\n\n\n\n<p>A decis\u00e3o da senadora&nbsp;<a href=\"http:\/\/agenciabrasil.ebc.com.br\/politica\/noticia\/2019-12\/ccj-do-senado-contraria-acordo-e-pauta-votacao-de-segunda-instancia\" target=\"_blank\" rel=\"noreferrer noopener\">contrariou um acordo<\/a>&nbsp;entre o presidente da C\u00e2mara dos Deputados, Rodrigo Maia (DEM-RJ), o presidente do Senado, Davi Alcolumbre (DEM-AP) e l\u00edderes das duas Casas.<\/p>\n\n\n\n<p>Pelo acordo, ficou definido que o Senado desistiria de avan\u00e7ar no projeto de lei para apoiar uma proposta de emenda \u00e0 Constitui\u00e7\u00e3o (PEC 199\/19), que tramita na C\u00e2mara e cuja comiss\u00e3o especial foi&nbsp;<a href=\"http:\/\/agenciabrasil.ebc.com.br\/politica\/noticia\/2019-12\/camara-instala-comissao-para-analisar-prisao-em-segunda-instancia\" target=\"_blank\" rel=\"noreferrer noopener\">instalada \u00faltima quarta-feira (4)<\/a>.<\/p>\n\n\n\n<p>Veja na&nbsp;<strong>TV Brasil<\/strong>:<\/p>\n\n\n\n<figure><iframe allowfullscreen=\"\" data-src=\"https:\/\/www.youtube.com\/embed\/sZN7pi4I17Y\" src=\"data:image\/svg+xml;base64,PHN2ZyB3aWR0aD0iMSIgaGVpZ2h0PSIxIiB4bWxucz0iaHR0cDovL3d3dy53My5vcmcvMjAwMC9zdmciPjwvc3ZnPg==\" class=\"lazyload\" data-load-mode=\"1\"><\/iframe><\/figure>\n\n\n\n<p>EBC<\/p>\n","protected":false},"excerpt":{"rendered":"<p>O ministro da Justi\u00e7a e Seguran\u00e7a P\u00fablica, Sergio Moro, defendeu hoje (9), como imprescind\u00edvel, a pris\u00e3o em segunda inst\u00e2ncia. &#8221; [Tivemos] alguns reveses [no combate]&hellip; <\/p>\n","protected":false},"author":1,"featured_media":100226,"comment_status":"closed","ping_status":"closed","sticky":false,"template":"","format":"standard","meta":{"sfsi_plus_gutenberg_text_before_share":"","sfsi_plus_gutenberg_show_text_before_share":"","sfsi_plus_gutenberg_icon_type":"","sfsi_plus_gutenberg_icon_alignemt":"","sfsi_plus_gutenburg_max_per_row":"","footnotes":""},"categories":[11],"tags":[],"class_list":["post-140173","post","type-post","status-publish","format-standard","has-post-thumbnail","hentry","category-politica"],"_links":{"self":[{"href":"https:\/\/www.caririemacao.com\/1\/wp-json\/wp\/v2\/posts\/140173","targetHints":{"allow":["GET"]}}],"collection":[{"href":"https:\/\/www.caririemacao.com\/1\/wp-json\/wp\/v2\/posts"}],"about":[{"href":"https:\/\/www.caririemacao.com\/1\/wp-json\/wp\/v2\/types\/post"}],"author":[{"embeddable":true,"href":"https:\/\/www.caririemacao.com\/1\/wp-json\/wp\/v2\/users\/1"}],"replies":[{"embeddable":true,"href":"https:\/\/www.caririemacao.com\/1\/wp-json\/wp\/v2\/comments?post=140173"}],"version-history":[{"count":1,"href":"https:\/\/www.caririemacao.com\/1\/wp-json\/wp\/v2\/posts\/140173\/revisions"}],"predecessor-version":[{"id":140174,"href":"https:\/\/www.caririemacao.com\/1\/wp-json\/wp\/v2\/posts\/140173\/revisions\/140174"}],"wp:featuredmedia":[{"embeddable":true,"href":"https:\/\/www.caririemacao.com\/1\/wp-json\/wp\/v2\/media\/100226"}],"wp:attachment":[{"href":"https:\/\/www.caririemacao.com\/1\/wp-json\/wp\/v2\/media?parent=140173"}],"wp:term":[{"taxonomy":"category","embeddable":true,"href":"https:\/\/www.caririemacao.com\/1\/wp-json\/wp\/v2\/categories?post=140173"},{"taxonomy":"post_tag","embeddable":true,"href":"https:\/\/www.caririemacao.com\/1\/wp-json\/wp\/v2\/tags?post=140173"}],"curies":[{"name":"wp","href":"https:\/\/api.w.org\/{rel}","templated":true}]}}