{"id":140176,"date":"2019-12-09T13:46:25","date_gmt":"2019-12-09T16:46:25","guid":{"rendered":"http:\/\/www.caririemacao.com\/1\/?p=140176"},"modified":"2019-12-09T13:46:25","modified_gmt":"2019-12-09T16:46:25","slug":"senado-pode-votar-proibicao-de-prisao-administrativa-a-pms-e-bombeiros","status":"publish","type":"post","link":"https:\/\/www.caririemacao.com\/1\/2019\/12\/09\/senado-pode-votar-proibicao-de-prisao-administrativa-a-pms-e-bombeiros\/","title":{"rendered":"Senado pode votar proibi\u00e7\u00e3o de pris\u00e3o administrativa a PMs e bombeiros"},"content":{"rendered":"\n<p>O Senado pode votar esta semana um Projeto de Lei (PL) que extingue a pris\u00e3o administrativa de policiais militares e bombeiros como puni\u00e7\u00e3o para transgress\u00f5es disciplinares. O projeto est\u00e1 na pauta de vota\u00e7\u00f5es do plen\u00e1rio para a pr\u00f3xima&nbsp;ter\u00e7a-feira (10) e foi relatado pelo senador Acir Gurgacz (PDT-RO).<\/p>\n\n\n\n<p>O projeto prop\u00f5e que essas corpora\u00e7\u00f5es sejam regidas por um c\u00f3digo de \u00e9tica e disciplina, aprovado por lei estadual espec\u00edfica. Al\u00e9m disso, esse c\u00f3digo de \u00e9tica deve regulamentar o devido processo administrativo-disciplinar, definir as san\u00e7\u00f5es disciplinares e vedar a restri\u00e7\u00e3o de liberdade.<\/p>\n\n\n\n<p>O PL foi apresentado originalmente na C\u00e2mara, em 2014, pelo deputado Subtenente Gonzaga (PDT-MG) e pelo ent\u00e3o deputado,&nbsp;hoje&nbsp;senador, Jorginho Mello (PL-SC). Na justificativa do projeto, os parlamentares afirmam que a Constitui\u00e7\u00e3o de 1988, que encerrou o regime ditatorial, n\u00e3o contemplou policiais e bombeiros militares na garantia de direitos.<\/p>\n\n\n\n<p>\u201cA&nbsp;cidadania ainda n\u00e3o chegou para os policiais e bombeiros militares. Isto porque, a partir de decretos estaduais \u2013 flagrantemente inconstitucionais \u2013 mant\u00eam-se a pena de pris\u00e3o para punir faltas disciplinares, sem que seja necess\u00e1rio sequer o devido processo legal. Basta uma ordem verbal do superior hier\u00e1rquico\u201d, justificaram os parlamentares no PL.<\/p>\n\n\n\n<p>Gurgacz acredita que o projeto valoriza o trabalho do policial, mantendo-os mais tempo em servi\u00e7o. \u201cN\u00e3o \u00e9 correto uma puni\u00e7\u00e3o por algo simples, que acontece em quart\u00e9is, e tira a possibilidade de eles estarem atuando. Com isso, estamos atualizando essa lei, dando uma import\u00e2ncia maior para os policiais militares e para os bombeiros\u201d, disse o senador para a Ag\u00eancia Senado, quando o projeto foi apreciado pela Comiss\u00e3o de Constitui\u00e7\u00e3o e Justi\u00e7a, em 2017.<\/p>\n\n\n\n<p>O projeto foi aprovado na C\u00e2mara em outubro de 2015 e seguiu para o Senado. Depois de uma longa tramita\u00e7\u00e3o, ele foi inclu\u00eddo na ordem do dia do Senado.<\/p>\n\n\n\n<p>EBC<\/p>\n","protected":false},"excerpt":{"rendered":"<p>O Senado pode votar esta semana um Projeto de Lei (PL) que extingue a pris\u00e3o administrativa de policiais militares e bombeiros como puni\u00e7\u00e3o para transgress\u00f5es&hellip; <\/p>\n","protected":false},"author":1,"featured_media":140177,"comment_status":"closed","ping_status":"closed","sticky":false,"template":"","format":"standard","meta":{"sfsi_plus_gutenberg_text_before_share":"","sfsi_plus_gutenberg_show_text_before_share":"","sfsi_plus_gutenberg_icon_type":"","sfsi_plus_gutenberg_icon_alignemt":"","sfsi_plus_gutenburg_max_per_row":"","footnotes":""},"categories":[11],"tags":[],"class_list":["post-140176","post","type-post","status-publish","format-standard","has-post-thumbnail","hentry","category-politica"],"_links":{"self":[{"href":"https:\/\/www.caririemacao.com\/1\/wp-json\/wp\/v2\/posts\/140176","targetHints":{"allow":["GET"]}}],"collection":[{"href":"https:\/\/www.caririemacao.com\/1\/wp-json\/wp\/v2\/posts"}],"about":[{"href":"https:\/\/www.caririemacao.com\/1\/wp-json\/wp\/v2\/types\/post"}],"author":[{"embeddable":true,"href":"https:\/\/www.caririemacao.com\/1\/wp-json\/wp\/v2\/users\/1"}],"replies":[{"embeddable":true,"href":"https:\/\/www.caririemacao.com\/1\/wp-json\/wp\/v2\/comments?post=140176"}],"version-history":[{"count":1,"href":"https:\/\/www.caririemacao.com\/1\/wp-json\/wp\/v2\/posts\/140176\/revisions"}],"predecessor-version":[{"id":140178,"href":"https:\/\/www.caririemacao.com\/1\/wp-json\/wp\/v2\/posts\/140176\/revisions\/140178"}],"wp:featuredmedia":[{"embeddable":true,"href":"https:\/\/www.caririemacao.com\/1\/wp-json\/wp\/v2\/media\/140177"}],"wp:attachment":[{"href":"https:\/\/www.caririemacao.com\/1\/wp-json\/wp\/v2\/media?parent=140176"}],"wp:term":[{"taxonomy":"category","embeddable":true,"href":"https:\/\/www.caririemacao.com\/1\/wp-json\/wp\/v2\/categories?post=140176"},{"taxonomy":"post_tag","embeddable":true,"href":"https:\/\/www.caririemacao.com\/1\/wp-json\/wp\/v2\/tags?post=140176"}],"curies":[{"name":"wp","href":"https:\/\/api.w.org\/{rel}","templated":true}]}}