{"id":140180,"date":"2019-12-09T13:48:04","date_gmt":"2019-12-09T16:48:04","guid":{"rendered":"http:\/\/www.caririemacao.com\/1\/?p=140180"},"modified":"2019-12-09T13:48:04","modified_gmt":"2019-12-09T16:48:04","slug":"anna-lorena-recebe-reconhecimento-pela-excelencia-na-gestao-municipal-de-monteiro","status":"publish","type":"post","link":"https:\/\/www.caririemacao.com\/1\/2019\/12\/09\/anna-lorena-recebe-reconhecimento-pela-excelencia-na-gestao-municipal-de-monteiro\/","title":{"rendered":"Anna Lorena recebe reconhecimento pela excel\u00eancia na gest\u00e3o municipal de Monteiro"},"content":{"rendered":"\n<p>Em uma noite festiva, a prefeita Anna Lorena prestigiou o evento ao qual recebeu o pr\u00eamio o PR\u00caMIO REFER\u00caNCIA de qualidade como gestora, de acordo com pesquisa de opini\u00e3o p\u00fablica promovida pelo conceituado portal Cariri em A\u00e7\u00e3o.<\/p>\n\n\n\n<p>A pesquisa ocorreu no munic\u00edpio onde a prefeita Anna Lorena recebeu a aprova\u00e7\u00e3o de 79% da popula\u00e7\u00e3o que reconheceram o esfor\u00e7o e os trabalhos a frente da gest\u00e3o de um dos maiores munic\u00edpios do estado da Para\u00edba.A prefeita Anna Lorena vem sendo reconhecida pelas a\u00e7\u00f5es voltadas \u00e0s \u00e1reas de Educa\u00e7\u00e3o, Sa\u00fade e Infraestrutura conseguindo diversos benef\u00edcios para Monteiro nos \u00e2mbitos estaduais e federais a frente da Prefeitura desde 2017.<\/p>\n\n\n\n<p>\u201cEstamos mais um ano trabalhando pelo nosso munic\u00edpio e sendo reconhecidos.<\/p>\n\n\n\n<p>Novamente viemos aqui com grande alegria receber mais esta premia\u00e7\u00e3o. Temos certeza que trabalhamos no caminho certo e pe\u00e7o a Deus que sempre nos d\u00ea sabedoria e discernimento para fazer de Monteiro uma cidade cada vez melhor.<\/p>\n\n\n\n<p>Este pr\u00eamio que recebo dedico a minha equipe e agrade\u00e7o a todos os monteirenses mais esta honra\u201d, disse a prefeita ap\u00f3s a premia\u00e7\u00e3o.<\/p>\n\n\n\n<p>SECOM<\/p>\n\n\n\n<figure class=\"wp-block-image\"><img decoding=\"async\" data-src=\"http:\/\/hora1pb.com.br\/wp-content\/uploads\/2019\/12\/Cariri-em-a%C3%A7%C3%A3o-_Refer%C3%AAncia-2019-.-300x199.jpg\" alt=\"\" class=\"wp-image-16343 lazyload\" src=\"data:image\/svg+xml;base64,PHN2ZyB3aWR0aD0iMSIgaGVpZ2h0PSIxIiB4bWxucz0iaHR0cDovL3d3dy53My5vcmcvMjAwMC9zdmciPjwvc3ZnPg==\" style=\"--smush-placeholder-width: 300px; --smush-placeholder-aspect-ratio: 300\/199;\" \/><\/figure>\n\n\n\n<p>,\n\n<\/p>\n","protected":false},"excerpt":{"rendered":"<p>Em uma noite festiva, a prefeita Anna Lorena prestigiou o evento ao qual recebeu o pr\u00eamio o PR\u00caMIO REFER\u00caNCIA de qualidade como gestora, de acordo&hellip; <\/p>\n","protected":false},"author":1,"featured_media":140181,"comment_status":"closed","ping_status":"closed","sticky":false,"template":"","format":"standard","meta":{"sfsi_plus_gutenberg_text_before_share":"","sfsi_plus_gutenberg_show_text_before_share":"","sfsi_plus_gutenberg_icon_type":"","sfsi_plus_gutenberg_icon_alignemt":"","sfsi_plus_gutenburg_max_per_row":"","footnotes":""},"categories":[2],"tags":[],"class_list":["post-140180","post","type-post","status-publish","format-standard","has-post-thumbnail","hentry","category-geral"],"_links":{"self":[{"href":"https:\/\/www.caririemacao.com\/1\/wp-json\/wp\/v2\/posts\/140180","targetHints":{"allow":["GET"]}}],"collection":[{"href":"https:\/\/www.caririemacao.com\/1\/wp-json\/wp\/v2\/posts"}],"about":[{"href":"https:\/\/www.caririemacao.com\/1\/wp-json\/wp\/v2\/types\/post"}],"author":[{"embeddable":true,"href":"https:\/\/www.caririemacao.com\/1\/wp-json\/wp\/v2\/users\/1"}],"replies":[{"embeddable":true,"href":"https:\/\/www.caririemacao.com\/1\/wp-json\/wp\/v2\/comments?post=140180"}],"version-history":[{"count":1,"href":"https:\/\/www.caririemacao.com\/1\/wp-json\/wp\/v2\/posts\/140180\/revisions"}],"predecessor-version":[{"id":140182,"href":"https:\/\/www.caririemacao.com\/1\/wp-json\/wp\/v2\/posts\/140180\/revisions\/140182"}],"wp:featuredmedia":[{"embeddable":true,"href":"https:\/\/www.caririemacao.com\/1\/wp-json\/wp\/v2\/media\/140181"}],"wp:attachment":[{"href":"https:\/\/www.caririemacao.com\/1\/wp-json\/wp\/v2\/media?parent=140180"}],"wp:term":[{"taxonomy":"category","embeddable":true,"href":"https:\/\/www.caririemacao.com\/1\/wp-json\/wp\/v2\/categories?post=140180"},{"taxonomy":"post_tag","embeddable":true,"href":"https:\/\/www.caririemacao.com\/1\/wp-json\/wp\/v2\/tags?post=140180"}],"curies":[{"name":"wp","href":"https:\/\/api.w.org\/{rel}","templated":true}]}}