{"id":140184,"date":"2019-12-09T14:09:16","date_gmt":"2019-12-09T17:09:16","guid":{"rendered":"http:\/\/www.caririemacao.com\/1\/?p=140184"},"modified":"2019-12-09T14:09:16","modified_gmt":"2019-12-09T17:09:16","slug":"cariri-seguros-recebe-premio-referencia-2019-durante-solenidade-em-monteiro","status":"publish","type":"post","link":"https:\/\/www.caririemacao.com\/1\/2019\/12\/09\/cariri-seguros-recebe-premio-referencia-2019-durante-solenidade-em-monteiro\/","title":{"rendered":"Cariri Seguros recebe Pr\u00eamio Refer\u00eancia 2019, durante solenidade em Monteiro"},"content":{"rendered":"\n<p>A Cariri Administradora de Seguros foi escolhida, atrav\u00e9s de pesquisa do portal Cariri em A\u00e7\u00e3o, como a empresa refer\u00eancia para receber o pr\u00eamio de reconhecimento, em solenidade realizada na cidade de Monteiro, no \u00faltimo s\u00e1bado (7).<\/p>\n\n\n\n<p>A empres\u00e1ria, Cristina Mac\u00eado recebeu o Trof\u00e9u Refer\u00eancia 2019, representando a equipe da Cariri Seguros.<\/p>\n\n\n\n<p>A Cariri Administradora de Seguros est\u00e1 instalada na cidade de Boqueir\u00e3o e garante assist\u00eancia 24 horas aos seus clientes, protejendo seu patrim\u00f4nio no caso de roubo, furto, colis\u00e3o, inc\u00eandio e muito mais.<\/p>\n\n\n\n<p><strong>Blog do Bruno Lira<\/strong><\/p>\n","protected":false},"excerpt":{"rendered":"<p>A Cariri Administradora de Seguros foi escolhida, atrav\u00e9s de pesquisa do portal Cariri em A\u00e7\u00e3o, como a empresa refer\u00eancia para receber o pr\u00eamio de reconhecimento,&hellip; <\/p>\n","protected":false},"author":1,"featured_media":140185,"comment_status":"closed","ping_status":"closed","sticky":false,"template":"","format":"standard","meta":{"sfsi_plus_gutenberg_text_before_share":"","sfsi_plus_gutenberg_show_text_before_share":"","sfsi_plus_gutenberg_icon_type":"","sfsi_plus_gutenberg_icon_alignemt":"","sfsi_plus_gutenburg_max_per_row":"","footnotes":""},"categories":[6],"tags":[],"class_list":["post-140184","post","type-post","status-publish","format-standard","has-post-thumbnail","hentry","category-cidades"],"_links":{"self":[{"href":"https:\/\/www.caririemacao.com\/1\/wp-json\/wp\/v2\/posts\/140184","targetHints":{"allow":["GET"]}}],"collection":[{"href":"https:\/\/www.caririemacao.com\/1\/wp-json\/wp\/v2\/posts"}],"about":[{"href":"https:\/\/www.caririemacao.com\/1\/wp-json\/wp\/v2\/types\/post"}],"author":[{"embeddable":true,"href":"https:\/\/www.caririemacao.com\/1\/wp-json\/wp\/v2\/users\/1"}],"replies":[{"embeddable":true,"href":"https:\/\/www.caririemacao.com\/1\/wp-json\/wp\/v2\/comments?post=140184"}],"version-history":[{"count":1,"href":"https:\/\/www.caririemacao.com\/1\/wp-json\/wp\/v2\/posts\/140184\/revisions"}],"predecessor-version":[{"id":140186,"href":"https:\/\/www.caririemacao.com\/1\/wp-json\/wp\/v2\/posts\/140184\/revisions\/140186"}],"wp:featuredmedia":[{"embeddable":true,"href":"https:\/\/www.caririemacao.com\/1\/wp-json\/wp\/v2\/media\/140185"}],"wp:attachment":[{"href":"https:\/\/www.caririemacao.com\/1\/wp-json\/wp\/v2\/media?parent=140184"}],"wp:term":[{"taxonomy":"category","embeddable":true,"href":"https:\/\/www.caririemacao.com\/1\/wp-json\/wp\/v2\/categories?post=140184"},{"taxonomy":"post_tag","embeddable":true,"href":"https:\/\/www.caririemacao.com\/1\/wp-json\/wp\/v2\/tags?post=140184"}],"curies":[{"name":"wp","href":"https:\/\/api.w.org\/{rel}","templated":true}]}}