{"id":140188,"date":"2019-12-09T14:13:58","date_gmt":"2019-12-09T17:13:58","guid":{"rendered":"http:\/\/www.caririemacao.com\/1\/?p=140188"},"modified":"2019-12-09T14:13:58","modified_gmt":"2019-12-09T17:13:58","slug":"em-solenidade-bastante-prestigiada-prefeito-de-caraubas-assina-ordem-de-servico-para-tres-importantes-empreendimentos","status":"publish","type":"post","link":"https:\/\/www.caririemacao.com\/1\/2019\/12\/09\/em-solenidade-bastante-prestigiada-prefeito-de-caraubas-assina-ordem-de-servico-para-tres-importantes-empreendimentos\/","title":{"rendered":"Em solenidade bastante prestigiada prefeito de Cara\u00fabas assina ordem de servi\u00e7o para tr\u00eas importantes empreendimentos"},"content":{"rendered":"\n<p>Em solenidade realizada na manh\u00e3\/tarde de s\u00e1bado, 5\/12, no pr\u00e9dio sede do Servi\u00e7o de Conviv\u00eancia e Fortalecimento de V\u00ednculos &#8211; SCFV, o prefeito Silvano Dudu acompanhado de uma comitiva formada pelo Deputado Federal Efraim Filho, do vice-prefeito Z\u00e9 de Laura, vereadores, prefeitos das cidades de Coxixola, Givaldo Limeira, de S\u00e3o Sebasti\u00e3o do Umbuzeiro, Adriano Wolf e de S\u00e3o Jo\u00e3o do Tigre, C\u00e9lia Alves, de todos os secret\u00e1rios municipais, assessores da Prefeitura, centenas de populares foi assinada a ordem de servi\u00e7o para inicio das obras do Balne\u00e1rio Cangati, do Gin\u00e1sio de Esportes de Cara\u00fabas e a conclus\u00e3o da Quadra de Esportes do campo de futebol.<\/p>\n\n\n\n<p>De acordo com o secret\u00e1rio do Planejamento, jornalista Eduardo Belo, todos os empreendimentos juntos somam um investimento na ordem de mais de R$ 1.000.000,00(Hum Milh\u00e3o de Reais), sendo R$ 552.000,00 da constru\u00e7\u00e3o do Balne\u00e1rio Cangati, R$ 438.000,00 para constru\u00e7\u00e3o do Gin\u00e1sio de Esportes da cidade de Cara\u00fabas e R$ 80.000,00 (Oitenta Mil Reais) para conclus\u00e3o da Quadra de Esportes do campo de futebol Jos\u00e9 Valderi Neves.\u00a0<\/p>\n\n\n\n<p>Os recursos est\u00e3o garantidos e depositados gra\u00e7as as Emendas Parlamentares do deputado federal Efraim Filho e do senador Veneziano Vital do R\u00eago, ainda no exerc\u00edcio de 2017.\u00a0<\/p>\n\n\n\n<p>Durante a solenidade o prefeito Silvano Dudu agradeceu o empenho do Deputado Efraim Filho e do senador Veneziano na indica\u00e7\u00e3o dos recursos para a realiza\u00e7\u00e3o de um sonho de todos os caraubenses. <\/p>\n\n\n\n<p>Hoje marcamos mais um dia \u00e9pico para entrar para a hist\u00f3ria deste munic\u00edpio, com a assinatura dessas ordens de servi\u00e7o. Sei que muitos ainda est\u00e3o sem acreditar como eu mesmo tive num passado nem t\u00e3o distante, mas hoje estou convicto dessa realidade, argumentou ele. <\/p>\n\n\n\n<p>Estamos transformando esta cidade no maior canteiro de obras do cariri paraibano, algo nunca visto na hist\u00f3ria de Cara\u00fabas. Quero aqui agradecer e enaltecer o trabalho incans\u00e1vel de nossos parlamentares Efraim e Veneziano, sem eles n\u00e3o ter\u00edamos condi\u00e7\u00f5es de trazer empreendimentos como estes, afirmou Silvano emocionado.<\/p>\n\n\n\n<p>Ainda em seu discurso o prefeito agradeceu o empenho dos vereadores da sua base de sustenta\u00e7\u00e3o na C\u00e2mara, aos secret\u00e1rios municipais e a toda equipe da gest\u00e3o pelos esfor\u00e7os empreendidos na conclus\u00e3o de toda parte burocr\u00e1tica dos processos. <\/p>\n\n\n\n<p>Creio que o mais complicado j\u00e1 ultrapassamos, vamos agora fiscalizar e cobrar das construtoras agilidade nas obras e dedica\u00e7\u00e3o exclusiva na conclus\u00e3o das mesmas, disse ele.A obra do balne\u00e1rio Cangati ficar\u00e1 a cargo da construtora CONSTRUPLAN e do Gin\u00e1sio de esportes ser\u00e1 administrada pela construtora MIMOZZA CONSTRU\u00c7\u00d5ES LTDA, vencedoras do certame licitat\u00f3rio na modalidade Tomada de Pre\u00e7o. <\/p>\n\n\n\n<p>J\u00e1 a conclus\u00e3o da Quadra de esportes do campo de futebol Jos\u00e9 Valderi Neves ficar\u00e1 a cargo da construtora AF Engeharia.O senador Veneziano Vital n\u00e3o pode esta presente, mas enviou um v\u00eddeo em que cumprimentou o prefeito e os caraubenses afirmando o seu compromisso junto ao Senado Federal para continuar ajudando Cara\u00fabas a crescer e se comprometendo e d\u00e1 seu empenho a atual gest\u00e3o municipal. O Deputado Efraim esteve presente a solenidade e falou aos presentes da alegria em rever a popula\u00e7\u00e3o de Cara\u00fabas num dia de muita festa. <\/p>\n\n\n\n<p>\u00c9 bom olharmos nos olhos do povo e percebermos a alegria por tudo que hoje estamos conquistando, disse o Deputado.Estamos aqui mais uma vez ao lado do prefeito e de todas as autoridades do munic\u00edpio de Cara\u00fabas para demonstrar o nosso compromisso com o prefeito e com essa gente. Todos os investimentos somados de nossa atua\u00e7\u00e3o parlamentar para Cara\u00fabas j\u00e1 somam aproximadamente R$ 2.000.000,00 (Dois Milh\u00f5es de Reais) fruto de muito trabalho. <\/p>\n\n\n\n<p>Entregamos neste dia um ve\u00edculo VAN zero quilometro para o transporte de pacientes, isso \u00e9 promo\u00e7\u00e3o da sa\u00fade p\u00fablica, assinamos ordem de servi\u00e7o com o prefeito Silvano Dudu para a mais ousada obra de infraestrutura tur\u00edstica da regi\u00e3o. A constru\u00e7\u00e3o do balne\u00e1rio Cangati com recursos alocados em mais de meio milh\u00e3o de reais, entregamos um gabinete odontol\u00f3gico, e ainda haveremos de fazer mais por cada cidad\u00e3o caraubense como recompensa em terem acreditado no nosso mandato, concluiu o Efraim Filho.<br><\/p>\n\n\n\n<p>Fonte:\u00a0<strong>SEPLACOM<\/strong><\/p>\n\n\n\n<p>Foto:\u00a0<strong>MARCOS FERNANDES<\/strong><\/p>\n","protected":false},"excerpt":{"rendered":"<p>Em solenidade realizada na manh\u00e3\/tarde de s\u00e1bado, 5\/12, no pr\u00e9dio sede do Servi\u00e7o de Conviv\u00eancia e Fortalecimento de V\u00ednculos &#8211; SCFV, o prefeito Silvano Dudu&hellip; <\/p>\n","protected":false},"author":1,"featured_media":140189,"comment_status":"closed","ping_status":"closed","sticky":false,"template":"","format":"standard","meta":{"sfsi_plus_gutenberg_text_before_share":"","sfsi_plus_gutenberg_show_text_before_share":"","sfsi_plus_gutenberg_icon_type":"","sfsi_plus_gutenberg_icon_alignemt":"","sfsi_plus_gutenburg_max_per_row":"","footnotes":""},"categories":[6],"tags":[],"class_list":["post-140188","post","type-post","status-publish","format-standard","has-post-thumbnail","hentry","category-cidades"],"_links":{"self":[{"href":"https:\/\/www.caririemacao.com\/1\/wp-json\/wp\/v2\/posts\/140188","targetHints":{"allow":["GET"]}}],"collection":[{"href":"https:\/\/www.caririemacao.com\/1\/wp-json\/wp\/v2\/posts"}],"about":[{"href":"https:\/\/www.caririemacao.com\/1\/wp-json\/wp\/v2\/types\/post"}],"author":[{"embeddable":true,"href":"https:\/\/www.caririemacao.com\/1\/wp-json\/wp\/v2\/users\/1"}],"replies":[{"embeddable":true,"href":"https:\/\/www.caririemacao.com\/1\/wp-json\/wp\/v2\/comments?post=140188"}],"version-history":[{"count":1,"href":"https:\/\/www.caririemacao.com\/1\/wp-json\/wp\/v2\/posts\/140188\/revisions"}],"predecessor-version":[{"id":140190,"href":"https:\/\/www.caririemacao.com\/1\/wp-json\/wp\/v2\/posts\/140188\/revisions\/140190"}],"wp:featuredmedia":[{"embeddable":true,"href":"https:\/\/www.caririemacao.com\/1\/wp-json\/wp\/v2\/media\/140189"}],"wp:attachment":[{"href":"https:\/\/www.caririemacao.com\/1\/wp-json\/wp\/v2\/media?parent=140188"}],"wp:term":[{"taxonomy":"category","embeddable":true,"href":"https:\/\/www.caririemacao.com\/1\/wp-json\/wp\/v2\/categories?post=140188"},{"taxonomy":"post_tag","embeddable":true,"href":"https:\/\/www.caririemacao.com\/1\/wp-json\/wp\/v2\/tags?post=140188"}],"curies":[{"name":"wp","href":"https:\/\/api.w.org\/{rel}","templated":true}]}}