{"id":140191,"date":"2019-12-09T14:15:38","date_gmt":"2019-12-09T17:15:38","guid":{"rendered":"http:\/\/www.caririemacao.com\/1\/?p=140191"},"modified":"2019-12-09T14:15:38","modified_gmt":"2019-12-09T17:15:38","slug":"em-competicao-silvio-santos-ignora-vitoria-de-candidata-negra-e-publico-reage-na-internet","status":"publish","type":"post","link":"https:\/\/www.caririemacao.com\/1\/2019\/12\/09\/em-competicao-silvio-santos-ignora-vitoria-de-candidata-negra-e-publico-reage-na-internet\/","title":{"rendered":"Em competi\u00e7\u00e3o, Silvio Santos ignora vit\u00f3ria de candidata negra e p\u00fablico reage na internet"},"content":{"rendered":"\n<p>Em programa veiculado na noite deste domingo (8) no SBT, Silvio Santos, 88, se envolveu em mais uma pol\u00eamica. Em uma competi\u00e7\u00e3o de calouros, o apresentador ignorou a vota\u00e7\u00e3o popular do audit\u00f3rio, que escolheu a candidata Jennyfer Oliver como melhor int\u00e9rprete da m\u00fasica &#8220;Caneta Azul&#8221;.&nbsp;<\/p>\n\n\n\n<p>O que chamou a aten\u00e7\u00e3o dos internautas e fez a quest\u00e3o ser um dos assuntos mais comentados da internet nesta segunda (9) \u00e9 que Oliver \u00e9 a \u00fanica mulher negra no grupo de quatro calouras, o que faz o p\u00fablico levantar uma possibilidade de racismo por parte de Silvio.<\/p>\n\n\n\n<p>Jennyfer recebeu 84 votos da plateia, enquanto a concorrente Bia Morais ficou com 8, Juliani, com 5 e Pamela Yuri, com 3. Mesmo assim, Silvio elegeu vencedora Juliani e deu a ela R$ 500 a mais, al\u00e9m dos R$ 500 j\u00e1 entregues \u00e0s quatro mo\u00e7as.<\/p>\n\n\n\n<p>&#8220;Eu \u00e9 que vou escolher agora quem vai ganhar mais quinhentos&#8221;, explicou ele no ar. &#8220;Se eu estivesse na minha casa vendo o programa, depois que ouvi essa m\u00fasica Caneta Azul, na minha opini\u00e3o, a melhor int\u00e9rprete \u00e9 a Juliani. Voc\u00ea ganhou! Voc\u00ea \u00e9 muito bonita, canta bem e ganhou mais quinhentos&#8221;, continuou.<\/p>\n\n\n\n<p>A gafe n\u00e3o passou despercebida, e os internautas rapidamente associaram o caso \u00e0 rec\u00e9m-eleita Miss Universo 2019, a sulafricana Zozibini Tunzi, 25, que \u00e9 negra. &#8220;Na mesma noite temos Silvio Santos desmerecendo uma negra e logo em seguida temos uma negra ganhando o #MissUniverse2019&#8221;, publicou um usu\u00e1rio do Twitter.<\/p>\n\n\n\n<p>&#8220;Em nenhum momento eu postei nada falando que ele [Silvio] foi racista comigo ou algo do tipo. As pessoas sentiram e comentaram e postaram coisas. Em nenhum momento eu me fiz de v\u00edtima, mas fiquei muito constrangida com a situa\u00e7\u00e3o&#8221;, desabafou Jennyfer em seu perfil na internet.&nbsp;<\/p>\n\n\n\n<p>&#8220;Como a grava\u00e7\u00e3o demorou tr\u00eas semanas para ir ao ar, eu n\u00e3o podia mencionar nada sobre o assunto e muito menos expor nada, pois o programa n\u00e3o havia passado. Eu jurava que ia ser editado e que eles iam pular essa parte [em] que ele me barrou de cantar a m\u00fasica&#8221;, complementou.<\/p>\n\n\n\n<p><\/p>\n\n\n\n<p>Folha Press<\/p>\n","protected":false},"excerpt":{"rendered":"<p>Em programa veiculado na noite deste domingo (8) no SBT, Silvio Santos, 88, se envolveu em mais uma pol\u00eamica. Em uma competi\u00e7\u00e3o de calouros, o&hellip; <\/p>\n","protected":false},"author":1,"featured_media":140192,"comment_status":"closed","ping_status":"closed","sticky":false,"template":"","format":"standard","meta":{"sfsi_plus_gutenberg_text_before_share":"","sfsi_plus_gutenberg_show_text_before_share":"","sfsi_plus_gutenberg_icon_type":"","sfsi_plus_gutenberg_icon_alignemt":"","sfsi_plus_gutenburg_max_per_row":"","footnotes":""},"categories":[2],"tags":[],"class_list":["post-140191","post","type-post","status-publish","format-standard","has-post-thumbnail","hentry","category-geral"],"_links":{"self":[{"href":"https:\/\/www.caririemacao.com\/1\/wp-json\/wp\/v2\/posts\/140191","targetHints":{"allow":["GET"]}}],"collection":[{"href":"https:\/\/www.caririemacao.com\/1\/wp-json\/wp\/v2\/posts"}],"about":[{"href":"https:\/\/www.caririemacao.com\/1\/wp-json\/wp\/v2\/types\/post"}],"author":[{"embeddable":true,"href":"https:\/\/www.caririemacao.com\/1\/wp-json\/wp\/v2\/users\/1"}],"replies":[{"embeddable":true,"href":"https:\/\/www.caririemacao.com\/1\/wp-json\/wp\/v2\/comments?post=140191"}],"version-history":[{"count":1,"href":"https:\/\/www.caririemacao.com\/1\/wp-json\/wp\/v2\/posts\/140191\/revisions"}],"predecessor-version":[{"id":140193,"href":"https:\/\/www.caririemacao.com\/1\/wp-json\/wp\/v2\/posts\/140191\/revisions\/140193"}],"wp:featuredmedia":[{"embeddable":true,"href":"https:\/\/www.caririemacao.com\/1\/wp-json\/wp\/v2\/media\/140192"}],"wp:attachment":[{"href":"https:\/\/www.caririemacao.com\/1\/wp-json\/wp\/v2\/media?parent=140191"}],"wp:term":[{"taxonomy":"category","embeddable":true,"href":"https:\/\/www.caririemacao.com\/1\/wp-json\/wp\/v2\/categories?post=140191"},{"taxonomy":"post_tag","embeddable":true,"href":"https:\/\/www.caririemacao.com\/1\/wp-json\/wp\/v2\/tags?post=140191"}],"curies":[{"name":"wp","href":"https:\/\/api.w.org\/{rel}","templated":true}]}}