{"id":140195,"date":"2019-12-09T14:16:23","date_gmt":"2019-12-09T17:16:23","guid":{"rendered":"http:\/\/www.caririemacao.com\/1\/?p=140195"},"modified":"2019-12-09T14:16:23","modified_gmt":"2019-12-09T17:16:23","slug":"joao-diz-que-a-paraiba-perdera-certificado-de-regularidade-se-nao-aprovar-nova-previdencia-ate-marco","status":"publish","type":"post","link":"https:\/\/www.caririemacao.com\/1\/2019\/12\/09\/joao-diz-que-a-paraiba-perdera-certificado-de-regularidade-se-nao-aprovar-nova-previdencia-ate-marco\/","title":{"rendered":"Jo\u00e3o diz que a Para\u00edba perder\u00e1 certificado de regularidade se n\u00e3o aprovar nova previd\u00eancia at\u00e9 mar\u00e7o"},"content":{"rendered":"\n<p>A nova legisla\u00e7\u00e3o da Reforma da Previd\u00eancia obriga&nbsp;que os estados e munic\u00edpios se adaptem as novas regulamenta\u00e7\u00f5es. Diante desse cen\u00e1rio o governador Jo\u00e3o Azev\u00eado, disse que o estado corre o risco de perder o certificado de regularidade da previd\u00eancia. Segundo ele, at\u00e9 mar\u00e7o dever\u00e1 ser feitas as devidas altera\u00e7\u00f5es&nbsp;no Projeto de Lei Complementar que alteram o regime previdenci\u00e1rio, enviado ao legislativo paraibano na semana passada.&nbsp;<\/p>\n\n\n\n<p>De acordo com ele, o prazo deve ser cumprido para n\u00e3o dar margem \u00e0 possibilidade de perder o certificado.&nbsp;&nbsp;\u201cSe n\u00e3o fizermos isso, em mar\u00e7o do pr\u00f3ximo ano, o estado n\u00e3o ter\u00e1 mais o certificado de regularidade da Previd\u00eancia. A\u00ed todo sistema previdenci\u00e1rio estar\u00e1 fora do processo. E a\u00ed o que vamos fazer com todos os aposentadores, pensionistas de hoje? Essa \u00e9 a preocupa\u00e7\u00e3o. O que foi encaminhado para Assembleia \u00e9 exatamente aquilo que somos obrigados a executar e modificar na nossa legisla\u00e7\u00e3o para manter o sistema ativo\u201d, explicou.<\/p>\n\n\n\n<p>A orienta\u00e7\u00e3o tamb\u00e9m foi feita no in\u00edcio do m\u00eas pelo Tribunal de Contas do Estado, que encaminhou um of\u00edcio circular aos munic\u00edpios e ao Estado, recomendando a promo\u00e7\u00e3o de adequa\u00e7\u00f5es legislativas necess\u00e1rias \u00e0 compatibiliza\u00e7\u00e3o dos seus Regimes Pr\u00f3prios de Previd\u00eancia com o novo ordenamento constitucional brasileiro.<\/p>\n","protected":false},"excerpt":{"rendered":"<p>A nova legisla\u00e7\u00e3o da Reforma da Previd\u00eancia obriga&nbsp;que os estados e munic\u00edpios se adaptem as novas regulamenta\u00e7\u00f5es. Diante desse cen\u00e1rio o governador Jo\u00e3o Azev\u00eado, disse&hellip; <\/p>\n","protected":false},"author":1,"featured_media":119325,"comment_status":"closed","ping_status":"closed","sticky":false,"template":"","format":"standard","meta":{"sfsi_plus_gutenberg_text_before_share":"","sfsi_plus_gutenberg_show_text_before_share":"","sfsi_plus_gutenberg_icon_type":"","sfsi_plus_gutenberg_icon_alignemt":"","sfsi_plus_gutenburg_max_per_row":"","footnotes":""},"categories":[11],"tags":[],"class_list":["post-140195","post","type-post","status-publish","format-standard","has-post-thumbnail","hentry","category-politica"],"_links":{"self":[{"href":"https:\/\/www.caririemacao.com\/1\/wp-json\/wp\/v2\/posts\/140195","targetHints":{"allow":["GET"]}}],"collection":[{"href":"https:\/\/www.caririemacao.com\/1\/wp-json\/wp\/v2\/posts"}],"about":[{"href":"https:\/\/www.caririemacao.com\/1\/wp-json\/wp\/v2\/types\/post"}],"author":[{"embeddable":true,"href":"https:\/\/www.caririemacao.com\/1\/wp-json\/wp\/v2\/users\/1"}],"replies":[{"embeddable":true,"href":"https:\/\/www.caririemacao.com\/1\/wp-json\/wp\/v2\/comments?post=140195"}],"version-history":[{"count":1,"href":"https:\/\/www.caririemacao.com\/1\/wp-json\/wp\/v2\/posts\/140195\/revisions"}],"predecessor-version":[{"id":140196,"href":"https:\/\/www.caririemacao.com\/1\/wp-json\/wp\/v2\/posts\/140195\/revisions\/140196"}],"wp:featuredmedia":[{"embeddable":true,"href":"https:\/\/www.caririemacao.com\/1\/wp-json\/wp\/v2\/media\/119325"}],"wp:attachment":[{"href":"https:\/\/www.caririemacao.com\/1\/wp-json\/wp\/v2\/media?parent=140195"}],"wp:term":[{"taxonomy":"category","embeddable":true,"href":"https:\/\/www.caririemacao.com\/1\/wp-json\/wp\/v2\/categories?post=140195"},{"taxonomy":"post_tag","embeddable":true,"href":"https:\/\/www.caririemacao.com\/1\/wp-json\/wp\/v2\/tags?post=140195"}],"curies":[{"name":"wp","href":"https:\/\/api.w.org\/{rel}","templated":true}]}}