{"id":140197,"date":"2019-12-09T14:19:04","date_gmt":"2019-12-09T17:19:04","guid":{"rendered":"http:\/\/www.caririemacao.com\/1\/?p=140197"},"modified":"2019-12-09T14:19:04","modified_gmt":"2019-12-09T17:19:04","slug":"populacao-de-caraubas-recebe-veiculo-zero-quilometro-para-o-transporte-de-pacientes","status":"publish","type":"post","link":"https:\/\/www.caririemacao.com\/1\/2019\/12\/09\/populacao-de-caraubas-recebe-veiculo-zero-quilometro-para-o-transporte-de-pacientes\/","title":{"rendered":"Popula\u00e7\u00e3o de Cara\u00fabas recebe ve\u00edculo zero quilometro para o transporte de pacientes"},"content":{"rendered":"\n<p>Em solenidade realizada na manh\u00e3 do \u00faltimo s\u00e1bado, 5\/12, no pr\u00e9dio sede do Servi\u00e7o de Conviv\u00eancia e Fortalecimento de V\u00ednculos &#8211; SCFV, o prefeito Silvano Dudu ao lado do Deputado Federal Efraim Filho, do vice-prefeito Z\u00e9 de Laura, vereadores, prefeitos das cidades de Coxixola, Givaldo Limeira, de S\u00e3o Sebasti\u00e3o do Umbuzeiro, Adriano Wolf e de S\u00e3o Jo\u00e3o do Tigre, C\u00e9lia Alves, de todos os secret\u00e1rios municipais, assessores da Prefeitura, bem como, de centenas de populares entregaram um ve\u00edculo zero quilometro, modelo VAN, que servir\u00e1 para o transporte de pacientes.<\/p>\n\n\n\n<p>A aquisi\u00e7\u00e3o do ve\u00edculo s\u00f3 poss\u00edvel gra\u00e7as a um pedido do prefeito Silvano Dudu ao deputado federal, Efraim Filho, que disponibilizou Emenda Parlamentar no valor de R$ 250.000,00 (Duzentos e Cinquenta Mil Reais) para que o ve\u00edculo fosse comprado. O ve\u00edculo VAN Executiva \u00e9 adaptado para pessoas de necessidades especiais e com dificuldade de locomo\u00e7\u00e3o, toda climatizada, com TV e confort\u00e1vel para quem mais precisa.Durante a solenidade de entrega o prefeito Silvano Dudu agradeceu o empenho do Deputado Efraim Filho em ter atendido mais um pedido da popula\u00e7\u00e3o que mais precisa. Sabemos das dificuldades desse povo que j\u00e1 sofreu muito com as quest\u00f5es relacionadas ao transporte, principalmente, quando mais se precisa que \u00e9 no momento da doen\u00e7a.<\/p>\n\n\n\n<p>Hoje estamos todos felizes porque recebemos este ve\u00edculo que servir\u00e1 a todos n\u00f3s. Muito obrigado Deputado Efraim Filho pelo seu compromisso cumprido e pela ajuda recebida, disse o prefeito.<\/p>\n\n\n\n<p>Ainda em seu discurso o prefeito falou de todos os investimentos realizados por sua gest\u00e3o na \u00e1rea da sa\u00fade. N\u00e3o temos como relacionar a quantidade de benef\u00edcios, mas posso afirmar que j\u00e1 fizemos muito pela sa\u00fade dos caraubenses, desde a inaugura\u00e7\u00e3o da nova UBSF I Severino Virg\u00ednio da Silva, aquisi\u00e7\u00e3o de 03(tr\u00eas) ambul\u00e2ncias, aquisi\u00e7\u00e3o de 03 (tr\u00eas) gabinetes odontol\u00f3gicos, montagem da sala de emerg\u00eancia, ecocardiograma e equipamentos importantes para o setor cardiol\u00f3gico, contrata\u00e7\u00e3o de profissionais de \u00e1reas especializadas, distribui\u00e7\u00e3o de fardamentos e EPIs, distribui\u00e7\u00e3o de tablets com os ACS, enfim, fizemos muito e temos a sensa\u00e7\u00e3o de que ainda falta muito a ser feito, concluiu o prefeito.<\/p>\n\n\n\n<p>O Deputado Efraim Filho falou dos investimentos do seu mandato parlamentar para Cara\u00fabas. Entregamos neste dia um ve\u00edculo VAN zero quilometro para o transporte de pacientes, tenho certeza que a partir de agora as estradas se tornar\u00e3o um caminho mais curto pelo conforto que ser\u00e1 oferecido aos que mais necessitam desse tipo de transporte para se locomover para as cidades mais distantes, afirmou Efraim Filho.<br><\/p>\n\n\n\n<p>Fonte:\u00a0<strong>SEPLACOM<\/strong><\/p>\n\n\n\n<p>Foto:\u00a0<strong>MARCOS FERNANDES<\/strong><\/p>\n","protected":false},"excerpt":{"rendered":"<p>Em solenidade realizada na manh\u00e3 do \u00faltimo s\u00e1bado, 5\/12, no pr\u00e9dio sede do Servi\u00e7o de Conviv\u00eancia e Fortalecimento de V\u00ednculos &#8211; SCFV, o prefeito Silvano&hellip; <\/p>\n","protected":false},"author":1,"featured_media":140198,"comment_status":"closed","ping_status":"closed","sticky":false,"template":"","format":"standard","meta":{"sfsi_plus_gutenberg_text_before_share":"","sfsi_plus_gutenberg_show_text_before_share":"","sfsi_plus_gutenberg_icon_type":"","sfsi_plus_gutenberg_icon_alignemt":"","sfsi_plus_gutenburg_max_per_row":"","footnotes":""},"categories":[6],"tags":[],"class_list":["post-140197","post","type-post","status-publish","format-standard","has-post-thumbnail","hentry","category-cidades"],"_links":{"self":[{"href":"https:\/\/www.caririemacao.com\/1\/wp-json\/wp\/v2\/posts\/140197","targetHints":{"allow":["GET"]}}],"collection":[{"href":"https:\/\/www.caririemacao.com\/1\/wp-json\/wp\/v2\/posts"}],"about":[{"href":"https:\/\/www.caririemacao.com\/1\/wp-json\/wp\/v2\/types\/post"}],"author":[{"embeddable":true,"href":"https:\/\/www.caririemacao.com\/1\/wp-json\/wp\/v2\/users\/1"}],"replies":[{"embeddable":true,"href":"https:\/\/www.caririemacao.com\/1\/wp-json\/wp\/v2\/comments?post=140197"}],"version-history":[{"count":1,"href":"https:\/\/www.caririemacao.com\/1\/wp-json\/wp\/v2\/posts\/140197\/revisions"}],"predecessor-version":[{"id":140199,"href":"https:\/\/www.caririemacao.com\/1\/wp-json\/wp\/v2\/posts\/140197\/revisions\/140199"}],"wp:featuredmedia":[{"embeddable":true,"href":"https:\/\/www.caririemacao.com\/1\/wp-json\/wp\/v2\/media\/140198"}],"wp:attachment":[{"href":"https:\/\/www.caririemacao.com\/1\/wp-json\/wp\/v2\/media?parent=140197"}],"wp:term":[{"taxonomy":"category","embeddable":true,"href":"https:\/\/www.caririemacao.com\/1\/wp-json\/wp\/v2\/categories?post=140197"},{"taxonomy":"post_tag","embeddable":true,"href":"https:\/\/www.caririemacao.com\/1\/wp-json\/wp\/v2\/tags?post=140197"}],"curies":[{"name":"wp","href":"https:\/\/api.w.org\/{rel}","templated":true}]}}