{"id":140200,"date":"2019-12-09T14:30:28","date_gmt":"2019-12-09T17:30:28","guid":{"rendered":"http:\/\/www.caririemacao.com\/1\/?p=140200"},"modified":"2019-12-09T14:30:28","modified_gmt":"2019-12-09T17:30:28","slug":"em-sume-assistencia-social-promove-brecho-solidario-para-familias-do-programa-crianca-feliz","status":"publish","type":"post","link":"https:\/\/www.caririemacao.com\/1\/2019\/12\/09\/em-sume-assistencia-social-promove-brecho-solidario-para-familias-do-programa-crianca-feliz\/","title":{"rendered":"Em Sum\u00e9: Assist\u00eancia Social promove Brech\u00f3 Solid\u00e1rio para fam\u00edlias do programa Crian\u00e7a Feliz"},"content":{"rendered":"\n<p>O Cras e o Programa Crian\u00e7a Feliz realizam nesta segunda (9) e ter\u00e7a-feira (10) o Brech\u00f3 Solid\u00e1rio com o objetivo de ajudar fam\u00edlias do Programa \u201cCrian\u00e7a Feliz. A a\u00e7\u00e3o acontece no Servi\u00e7o de Conviv\u00eancia e Fortalecimento de V\u00ednculos, antigo pr\u00e9dio da Escola Presidente Vargas.<\/p>\n\n\n\n<p>No local est\u00e3o sendo distribu\u00eddas roupas e cal\u00e7ados adulto e infantil, brinquedos para crian\u00e7as, pe\u00e7as \u00edntimas, acess\u00f3rios entre outras pe\u00e7as para as fam\u00edlias cadastradas no programa.<\/p>\n\n\n\n<p>Segundo a gestora do Crian\u00e7a Feliz, Cida Martins, as doa\u00e7\u00f5es foram arrecadas durante todo o ano de 2019 para serem distribu\u00eddas \u00e0s fam\u00edlias neste m\u00eas de dezembro. Cida disse que estava muito feliz com o resultado da a\u00e7\u00e3o, em poder proporcionar um pouco de alegria e felicidade \u00e0s m\u00e3es e crian\u00e7as do programa.<\/p>\n\n\n\n<figure class=\"wp-block-image\"><a href=\"http:\/\/www.sume.pb.gov.br\/wp-content\/uploads\/2019\/12\/IMG-20191209-WA0045.jpg\"><img decoding=\"async\" data-src=\"http:\/\/www.sume.pb.gov.br\/wp-content\/uploads\/2019\/12\/IMG-20191209-WA0045-300x225.jpg\" alt=\"\" src=\"data:image\/svg+xml;base64,PHN2ZyB3aWR0aD0iMSIgaGVpZ2h0PSIxIiB4bWxucz0iaHR0cDovL3d3dy53My5vcmcvMjAwMC9zdmciPjwvc3ZnPg==\" class=\"lazyload\" style=\"--smush-placeholder-width: 300px; --smush-placeholder-aspect-ratio: 300\/225;\" \/><\/a><\/figure>\n\n\n\n<p>Ela ainda fez um apelo a quem quiser doar brinquedos, roupas e acess\u00f3rios no brech\u00f3 solid\u00e1rio \u00e9 s\u00f3 se dirigir ao local e fazer o seu donativo. Pode ser novo e seminovo.<\/p>\n\n\n\n<p>Mateus, um dos jovens presentes ao brech\u00f3, aprovou a iniciativa. \u201cMuito boa por que ajuda as pessoas e principalmente as crian\u00e7as\u201d, disse ele, que \u00e9 pai de um menino de dois anos.<\/p>\n\n\n\n<p>Luzimara, moradora do Assentamento Mandacaru, tamb\u00e9m, gostou da ideia. \u201cAdorei. Ganhei brinquedos e sandalinhas para meus tr\u00eas filhos, muito bom, eu s\u00f3 tenho a agradecer \u00e0 equipe do \u201cCrian\u00e7a Feliz, declarou.<\/p>\n\n\n\n<p>A secret\u00e1ria de Assist\u00eancia Social, Tanniery L\u00eala, informou que o momento representava a culmin\u00e2ncia de um trabalho desenvolvido em conjunto entre o Cras e a equipe do Crian\u00e7a Feliz que trabalhou durante todo o ano de 2019 recebendo as doa\u00e7\u00f5es para serem distribu\u00eddas nestes dois dias.<\/p>\n\n\n\n<figure class=\"wp-block-image\"><a href=\"http:\/\/www.sume.pb.gov.br\/wp-content\/uploads\/2019\/12\/IMG-20191209-WA0056.jpg\"><img decoding=\"async\" data-src=\"http:\/\/www.sume.pb.gov.br\/wp-content\/uploads\/2019\/12\/IMG-20191209-WA0056-300x225.jpg\" alt=\"\" src=\"data:image\/svg+xml;base64,PHN2ZyB3aWR0aD0iMSIgaGVpZ2h0PSIxIiB4bWxucz0iaHR0cDovL3d3dy53My5vcmcvMjAwMC9zdmciPjwvc3ZnPg==\" class=\"lazyload\" style=\"--smush-placeholder-width: 300px; --smush-placeholder-aspect-ratio: 300\/225;\" \/><\/a><\/figure>\n\n\n\n<figure class=\"wp-block-image\"><a href=\"http:\/\/www.sume.pb.gov.br\/wp-content\/uploads\/2019\/12\/IMG-20191209-WA0066.jpg\"><img decoding=\"async\" data-src=\"http:\/\/www.sume.pb.gov.br\/wp-content\/uploads\/2019\/12\/IMG-20191209-WA0066-300x225.jpg\" alt=\"\" src=\"data:image\/svg+xml;base64,PHN2ZyB3aWR0aD0iMSIgaGVpZ2h0PSIxIiB4bWxucz0iaHR0cDovL3d3dy53My5vcmcvMjAwMC9zdmciPjwvc3ZnPg==\" class=\"lazyload\" style=\"--smush-placeholder-width: 300px; --smush-placeholder-aspect-ratio: 300\/225;\" \/><\/a><\/figure>\n\n\n\n<p>Tanniery ainda lembrou que o momento tinha um significado especial pelo fato de que, segundo ela, ao fazer o donativo de alguma pe\u00e7a, cada pessoa imprimiu junto um carinho especial. \u201c\u00c9 nesse doar e receber que a gente fortalece v\u00ednculos e estreita la\u00e7os\u201d, avaliou.<\/p>\n\n\n\n<p>Na ocasi\u00e3o ainda houve palestras e orienta\u00e7\u00f5es sobre o Bolsa Fam\u00edlia com a gestora do Cadastro \u00danico, Edileide Baptista.<\/p>\n\n\n\n<p>Em Sum\u00e9, o Crian\u00e7a Feliz atende cerca de 150 fam\u00edlias e tem como p\u00fablico priorit\u00e1rio: gestantes, crian\u00e7as de at\u00e9 3 anos e suas fam\u00edlias benefici\u00e1rias do Bolsa Fam\u00edlia; crian\u00e7as de at\u00e9 6 anos e suas fam\u00edlias benefici\u00e1rias do BPC2; crian\u00e7as de at\u00e9 6 anos afastadas do conv\u00edvio familiar em raz\u00e3o da aplica\u00e7\u00e3o de medida protetiva prevista no Estatuto da Crian\u00e7a e do Adolescente.<\/p>\n\n\n\n<p>Ascom PMS<\/p>\n","protected":false},"excerpt":{"rendered":"<p>O Cras e o Programa Crian\u00e7a Feliz realizam nesta segunda (9) e ter\u00e7a-feira (10) o Brech\u00f3 Solid\u00e1rio com o objetivo de ajudar fam\u00edlias do Programa&hellip; <\/p>\n","protected":false},"author":1,"featured_media":140202,"comment_status":"closed","ping_status":"closed","sticky":false,"template":"","format":"standard","meta":{"sfsi_plus_gutenberg_text_before_share":"","sfsi_plus_gutenberg_show_text_before_share":"","sfsi_plus_gutenberg_icon_type":"","sfsi_plus_gutenberg_icon_alignemt":"","sfsi_plus_gutenburg_max_per_row":"","footnotes":""},"categories":[6],"tags":[],"class_list":["post-140200","post","type-post","status-publish","format-standard","has-post-thumbnail","hentry","category-cidades"],"_links":{"self":[{"href":"https:\/\/www.caririemacao.com\/1\/wp-json\/wp\/v2\/posts\/140200","targetHints":{"allow":["GET"]}}],"collection":[{"href":"https:\/\/www.caririemacao.com\/1\/wp-json\/wp\/v2\/posts"}],"about":[{"href":"https:\/\/www.caririemacao.com\/1\/wp-json\/wp\/v2\/types\/post"}],"author":[{"embeddable":true,"href":"https:\/\/www.caririemacao.com\/1\/wp-json\/wp\/v2\/users\/1"}],"replies":[{"embeddable":true,"href":"https:\/\/www.caririemacao.com\/1\/wp-json\/wp\/v2\/comments?post=140200"}],"version-history":[{"count":1,"href":"https:\/\/www.caririemacao.com\/1\/wp-json\/wp\/v2\/posts\/140200\/revisions"}],"predecessor-version":[{"id":140203,"href":"https:\/\/www.caririemacao.com\/1\/wp-json\/wp\/v2\/posts\/140200\/revisions\/140203"}],"wp:featuredmedia":[{"embeddable":true,"href":"https:\/\/www.caririemacao.com\/1\/wp-json\/wp\/v2\/media\/140202"}],"wp:attachment":[{"href":"https:\/\/www.caririemacao.com\/1\/wp-json\/wp\/v2\/media?parent=140200"}],"wp:term":[{"taxonomy":"category","embeddable":true,"href":"https:\/\/www.caririemacao.com\/1\/wp-json\/wp\/v2\/categories?post=140200"},{"taxonomy":"post_tag","embeddable":true,"href":"https:\/\/www.caririemacao.com\/1\/wp-json\/wp\/v2\/tags?post=140200"}],"curies":[{"name":"wp","href":"https:\/\/api.w.org\/{rel}","templated":true}]}}