{"id":140205,"date":"2019-12-09T14:39:49","date_gmt":"2019-12-09T17:39:49","guid":{"rendered":"http:\/\/www.caririemacao.com\/1\/?p=140205"},"modified":"2019-12-09T14:39:49","modified_gmt":"2019-12-09T17:39:49","slug":"joao-azevedo-destaca-gestao-eficiente-de-transparencia-da-paraiba-em-reuniao-com-o-focco","status":"publish","type":"post","link":"https:\/\/www.caririemacao.com\/1\/2019\/12\/09\/joao-azevedo-destaca-gestao-eficiente-de-transparencia-da-paraiba-em-reuniao-com-o-focco\/","title":{"rendered":"Jo\u00e3o Azev\u00eado destaca gest\u00e3o eficiente de transpar\u00eancia da Para\u00edba em reuni\u00e3o com o Focco"},"content":{"rendered":"\n<p>O governador Jo\u00e3o Azev\u00eado se reuniu, nesta segunda-feira (9), na Granja Santana, em Jo\u00e3o Pessoa, com representantes do F\u00f3rum Paraibano de Combate \u00e0 Corrup\u00e7\u00e3o (Focco), ocasi\u00e3o em que recebeu um projeto com sugest\u00f5es sobre medidas para fortalecimento do controle interno e da transpar\u00eancia no estado. A reuni\u00e3o ocorreu na data em que se celebra o Dia Internacional de Combate \u00e0 Corrup\u00e7\u00e3o \u2013 (DICC).<\/p>\n\n\n\n<p>Na oportunidade, o chefe do Executivo estadual ressaltou a parceria com diversos \u00f3rg\u00e3os para garantir a participa\u00e7\u00e3o da sociedade no acompanhamento das a\u00e7\u00f5es do governo. \u201cO estado tem um bom sistema de transpar\u00eancia, o que garante controle e uma gest\u00e3o eficiente, permitindo que a gente fa\u00e7a an\u00e1lises constantes do que est\u00e1 sendo executado\u201d, disse.&nbsp;<\/p>\n\n\n\n<p>O secret\u00e1rio-chefe da Controladoria Geral do Estado, Let\u00e1cio Guedes, destacou os avan\u00e7os do governo na operacionaliza\u00e7\u00e3o de mecanismos de controle. \u201cA Para\u00edba \u00e9 um dos estados do Brasil que mais se destacam nos avan\u00e7os de instrumento de controle e n\u00f3s estamos conseguindo aprimorar todas as ferramentas para atuar preventivamente em a\u00e7\u00f5es que possam comprometer alguma atividade, evitando que projetos sejam afetados por algum mau desempenho\u201d, explicou.&nbsp;<\/p>\n\n\n\n<p>O coordenador do Focco, Leonardo Quintans, afirmou que as propostas do F\u00f3rum s\u00e3o vi\u00e1veis e estimulam a transpar\u00eancia e a participa\u00e7\u00e3o da sociedade na administra\u00e7\u00e3o p\u00fablica. \u201cO Minist\u00e9rio P\u00fablico e o Focco trabalharam ao longo do ano para sugerir medidas legislativas que contribuam com o combate \u00e0 corrup\u00e7\u00e3o e entregamos ao governador, nesse dia simb\u00f3lico, o resultado do projeto elaborado pelo grupo de trabalho com a sugest\u00e3o de um projeto de lei para trazer mais regras de controle e transpar\u00eancia, com o intuito de contribuir com o Governo do Estado e a Assembleia Legislativa, beneficiando diretamente a popula\u00e7\u00e3o\u201d, falou.&nbsp;<\/p>\n\n\n\n<p>Tamb\u00e9m participaram da reuni\u00e3o representantes dos Minist\u00e9rios P\u00fablicos Federal, Estadual e de Contas; da Controladoria Geral da Uni\u00e3o (CGU); Tribunal de Contas do Estado (TCE) e da Junta Comercial do Estado, al\u00e9m do chefe de Gabinete do governador, Ronaldo Guerra.<\/p>\n","protected":false},"excerpt":{"rendered":"<p>O governador Jo\u00e3o Azev\u00eado se reuniu, nesta segunda-feira (9), na Granja Santana, em Jo\u00e3o Pessoa, com representantes do F\u00f3rum Paraibano de Combate \u00e0 Corrup\u00e7\u00e3o (Focco),&hellip; <\/p>\n","protected":false},"author":1,"featured_media":140208,"comment_status":"closed","ping_status":"closed","sticky":false,"template":"","format":"standard","meta":{"sfsi_plus_gutenberg_text_before_share":"","sfsi_plus_gutenberg_show_text_before_share":"","sfsi_plus_gutenberg_icon_type":"","sfsi_plus_gutenberg_icon_alignemt":"","sfsi_plus_gutenburg_max_per_row":"","footnotes":""},"categories":[11],"tags":[],"class_list":["post-140205","post","type-post","status-publish","format-standard","has-post-thumbnail","hentry","category-politica"],"_links":{"self":[{"href":"https:\/\/www.caririemacao.com\/1\/wp-json\/wp\/v2\/posts\/140205","targetHints":{"allow":["GET"]}}],"collection":[{"href":"https:\/\/www.caririemacao.com\/1\/wp-json\/wp\/v2\/posts"}],"about":[{"href":"https:\/\/www.caririemacao.com\/1\/wp-json\/wp\/v2\/types\/post"}],"author":[{"embeddable":true,"href":"https:\/\/www.caririemacao.com\/1\/wp-json\/wp\/v2\/users\/1"}],"replies":[{"embeddable":true,"href":"https:\/\/www.caririemacao.com\/1\/wp-json\/wp\/v2\/comments?post=140205"}],"version-history":[{"count":1,"href":"https:\/\/www.caririemacao.com\/1\/wp-json\/wp\/v2\/posts\/140205\/revisions"}],"predecessor-version":[{"id":140209,"href":"https:\/\/www.caririemacao.com\/1\/wp-json\/wp\/v2\/posts\/140205\/revisions\/140209"}],"wp:featuredmedia":[{"embeddable":true,"href":"https:\/\/www.caririemacao.com\/1\/wp-json\/wp\/v2\/media\/140208"}],"wp:attachment":[{"href":"https:\/\/www.caririemacao.com\/1\/wp-json\/wp\/v2\/media?parent=140205"}],"wp:term":[{"taxonomy":"category","embeddable":true,"href":"https:\/\/www.caririemacao.com\/1\/wp-json\/wp\/v2\/categories?post=140205"},{"taxonomy":"post_tag","embeddable":true,"href":"https:\/\/www.caririemacao.com\/1\/wp-json\/wp\/v2\/tags?post=140205"}],"curies":[{"name":"wp","href":"https:\/\/api.w.org\/{rel}","templated":true}]}}