{"id":140211,"date":"2019-12-09T14:46:24","date_gmt":"2019-12-09T17:46:24","guid":{"rendered":"http:\/\/www.caririemacao.com\/1\/?p=140211"},"modified":"2019-12-09T14:46:24","modified_gmt":"2019-12-09T17:46:24","slug":"bolsa-familia-sera-reformulado-para-beneficiar-jovens-e-criancas","status":"publish","type":"post","link":"https:\/\/www.caririemacao.com\/1\/2019\/12\/09\/bolsa-familia-sera-reformulado-para-beneficiar-jovens-e-criancas\/","title":{"rendered":"Bolsa Fam\u00edlia ser\u00e1 reformulado para beneficiar jovens e crian\u00e7as"},"content":{"rendered":"\n<p>O governo acerta os \u00faltimos detalhes de uma reforma para turbinar o Bolsa Fam\u00edlia, o mais importante programa social do Pa\u00eds voltado para a popula\u00e7\u00e3o de baixa renda. A pedido da Casa Civil, o Minist\u00e9rio da Cidadania prop\u00f4s a reformula\u00e7\u00e3o daquela que foi a principal bandeira do ex-presidente Luiz In\u00e1cio Lula da Silva. Para imprimir a marca do governo Bolsonaro, pode at\u00e9 mudar de nome e se chamar \u201cRenda Brasil\u201d. O que j\u00e1 est\u00e1 definido \u00e9 que ser\u00e1 ampliado para atender a jovens de at\u00e9 21 anos e conceder valores maiores aos benefici\u00e1rios.<\/p>\n\n\n\n<p>O benef\u00edcio pago hoje pelo programa varia conforme a renda da fam\u00edlia. Para aquelas na faixa da pobreza e da extrema pobreza, o valor pode chegar a R$ 205 mensais. Na folha de setembro, o benef\u00edcio m\u00e9dio pago \u00e0s fam\u00edlias pelo Bolsa Fam\u00edlia foi de R$ 189,21. A ideia do governo \u00e9 aumentar esta m\u00e9dia, mas ainda n\u00e3o h\u00e1 uma meta definida.<\/p>\n\n\n\n<p>A proposta apresentada pelo Minist\u00e9rio da Cidadania est\u00e1 em an\u00e1lise na equipe econ\u00f4mica para defini\u00e7\u00e3o do volume de recursos adicionais ao programa. O plano original da ala pol\u00edtica do governo era aumentar em R$ 16,5 bilh\u00f5es os recursos para o programa \u2013 que tem um or\u00e7amento previsto para 2020 de R$ 29,5 bilh\u00f5es. S\u00e3o R$ 14,1 bilh\u00f5es adicionais ao que j\u00e1 \u00e9 gasto anualmente e mais R$ 2,4 bilh\u00f5es para bancar, no ano que vem, o pagamento do 13.\u00ba sal\u00e1rio. Segundo apurou o Estado, a \u00e1rea econ\u00f4mica j\u00e1 avisou que pode garantir, por ora, \u201cno m\u00e1ximo\u201d R$ 4 bilh\u00f5es adicionais.<\/p>\n\n\n\n<p>A ideia \u00e9 dividir o programa em tr\u00eas: benef\u00edcio cidadania, dado \u00e0s fam\u00edlias de baixa renda; benef\u00edcio primeira inf\u00e2ncia, para crian\u00e7as de at\u00e9 3 anos; e benef\u00edcio a crian\u00e7as e jovens, contemplando jovens de at\u00e9 21 anos. Al\u00e9m disso, a ideia \u00e9 criar um extra para valorizar a \u201cmeritocracia\u201d: seria um pr\u00eamio para crian\u00e7as que tivessem sucesso em olimp\u00edada de conhecimento, passassem de ano e se destacassem no esporte.<\/p>\n\n\n\n<p><strong>Reuni\u00e3o<\/strong><\/p>\n\n\n\n<p>A grande d\u00favida ainda \u00e9 sobre a receita extra para bancar o aumento das despesas. Uma reuni\u00e3o t\u00e9cnica realizada ontem no Pal\u00e1cio do Planalto terminou sem definir a origem dos recursos, j\u00e1 que \u00e9 preciso encontrar um espa\u00e7o no teto de gastos \u2013 regra que limita o crescimento das despesas \u00e0 varia\u00e7\u00e3o da infla\u00e7\u00e3o. A equipe econ\u00f4mica pediu mudan\u00e7as no desenho previsto no projeto.<\/p>\n\n\n\n<p>Um das propostas \u00e9 direcionar ao Bolsa Fam\u00edlia parte do que o governo pretende arrecadar com o fim da isen\u00e7\u00e3o de impostos sobre a cesta b\u00e1sica. C\u00e1lculos do governo mostram que uma transfer\u00eancia de R$ 4 bilh\u00f5es da arrecada\u00e7\u00e3o do imposto que passar\u00e1 a ser cobrado sobre a cesta poderia incrementar em R$ 24,10 extras, em m\u00e9dia, o valor do benef\u00edcio para cada uma das 13,8 milh\u00f5es de fam\u00edlias inscritas no programa.<\/p>\n\n\n\n<p><em><strong>Not\u00edcias em Destaque<\/strong><\/em><\/p>\n\n\n\n<p>Ag\u00eancia Estado<\/p>\n","protected":false},"excerpt":{"rendered":"<p>O governo acerta os \u00faltimos detalhes de uma reforma para turbinar o Bolsa Fam\u00edlia, o mais importante programa social do Pa\u00eds voltado para a popula\u00e7\u00e3o&hellip; <\/p>\n","protected":false},"author":1,"featured_media":39641,"comment_status":"closed","ping_status":"closed","sticky":false,"template":"","format":"standard","meta":{"sfsi_plus_gutenberg_text_before_share":"","sfsi_plus_gutenberg_show_text_before_share":"","sfsi_plus_gutenberg_icon_type":"","sfsi_plus_gutenberg_icon_alignemt":"","sfsi_plus_gutenburg_max_per_row":"","footnotes":""},"categories":[2],"tags":[],"class_list":["post-140211","post","type-post","status-publish","format-standard","has-post-thumbnail","hentry","category-geral"],"_links":{"self":[{"href":"https:\/\/www.caririemacao.com\/1\/wp-json\/wp\/v2\/posts\/140211","targetHints":{"allow":["GET"]}}],"collection":[{"href":"https:\/\/www.caririemacao.com\/1\/wp-json\/wp\/v2\/posts"}],"about":[{"href":"https:\/\/www.caririemacao.com\/1\/wp-json\/wp\/v2\/types\/post"}],"author":[{"embeddable":true,"href":"https:\/\/www.caririemacao.com\/1\/wp-json\/wp\/v2\/users\/1"}],"replies":[{"embeddable":true,"href":"https:\/\/www.caririemacao.com\/1\/wp-json\/wp\/v2\/comments?post=140211"}],"version-history":[{"count":1,"href":"https:\/\/www.caririemacao.com\/1\/wp-json\/wp\/v2\/posts\/140211\/revisions"}],"predecessor-version":[{"id":140212,"href":"https:\/\/www.caririemacao.com\/1\/wp-json\/wp\/v2\/posts\/140211\/revisions\/140212"}],"wp:featuredmedia":[{"embeddable":true,"href":"https:\/\/www.caririemacao.com\/1\/wp-json\/wp\/v2\/media\/39641"}],"wp:attachment":[{"href":"https:\/\/www.caririemacao.com\/1\/wp-json\/wp\/v2\/media?parent=140211"}],"wp:term":[{"taxonomy":"category","embeddable":true,"href":"https:\/\/www.caririemacao.com\/1\/wp-json\/wp\/v2\/categories?post=140211"},{"taxonomy":"post_tag","embeddable":true,"href":"https:\/\/www.caririemacao.com\/1\/wp-json\/wp\/v2\/tags?post=140211"}],"curies":[{"name":"wp","href":"https:\/\/api.w.org\/{rel}","templated":true}]}}